{"id":2374,"date":"2020-06-21T22:36:01","date_gmt":"2020-06-21T20:36:01","guid":{"rendered":"http:\/\/www.aklink.de\/wpak\/?p=2374"},"modified":"2020-06-21T22:42:10","modified_gmt":"2020-06-21T20:42:10","slug":"systhema-heft-2-20-ist-erschienen","status":"publish","type":"post","link":"http:\/\/www.aklink.de\/wpak\/archive\/2374\/systhema-heft-2-20-ist-erschienen\/","title":{"rendered":"Systhema Heft 2-20 ist erschienen"},"content":{"rendered":"\n<div class=\"wp-block-image\"><figure class=\"alignleft size-medium\"><img loading=\"lazy\" decoding=\"async\" width=\"210\" height=\"300\" src=\"http:\/\/www.aklink.de\/wpak\/wp-content\/uploads\/2020\/06\/systhema-2-20-210x300.jpg\" alt=\"\" class=\"wp-image-2372\"\/><\/figure><\/div>\n\n\n\n<p>Die neue Systhema ist erschienen und wird in den n\u00e4chsten Tagen per Post verschickt. Weitere Informationen und Bestellm\u00f6glichkeiten unter: <a rel=\"noreferrer noopener\" href=\"https:\/\/if-weinheim.de\/systhema\/systhema.html\" target=\"_blank\">https:\/\/if-weinheim.de\/systhema\/systhema.html<\/a>.<\/p>\n\n\n\n<p>Mit dieser Ausgabe erscheint die 100. Ausgabe der Systhema.  Im Sinne einer W\u00fcrdigung enth\u00e4lt die 100. Systhema  ein Interview mit den ersten vier Redakteuren der Systhema: Arist von Schlippe, Herbert Buchta, Wolfgang Loth und Haja Molter. In ihren Erz\u00e4hlungen und Reflexionen wird die fr\u00fche Geschichte der systhema ebenso lebendig wie ihre Wirkung in andere Fachzeitschriften und ihre unver\u00e4nderte Vielfalt. Eine \u00dcbersicht zu allen Inhalten gibt es <a rel=\"noreferrer noopener\" href=\"http:\/\/www.aklink.de\/wpak\/wp-content\/uploads\/2020\/06\/Systhema_2_2020_Inhalt.pdf\" target=\"_blank\">hier<\/a>.<\/p>\n\n\n\n<p>Zust\u00e4ndig f\u00fcr den Abonnentenservice ist weiterhin das Designb\u00fcro Sch\u00f6nfelder in Essen \u2013 per eMail erreichbar unter systhema@design-buero.de.<\/p>\n\n\n\n<p>Ein Jahresabo der Systhema kann <a rel=\"noreferrer noopener\" href=\"https:\/\/if-weinheim.de\/systhema\/systhema-abo.html#c1065\" target=\"_blank\">hier <\/a>bestellt werden.<\/p>\n","protected":false},"excerpt":{"rendered":"<p>Die neue Systhema ist erschienen und wird in den n\u00e4chsten Tagen per Post verschickt. Weitere Informationen und Bestellm\u00f6glichkeiten unter: https:\/\/if-weinheim.de\/systhema\/systhema.html. Mit dieser Ausgabe erscheint die 100. Ausgabe der Systhema. Im Sinne einer W\u00fcrdigung enth\u00e4lt die 100. Systhema ein Interview mit den ersten vier Redakteuren der Systhema: Arist von Schlippe, Herbert Buchta, Wolfgang Loth und Haja Molter. In ihren Erz\u00e4hlungen und<\/p>\n","protected":false},"author":1,"featured_media":0,"comment_status":"closed","ping_status":"open","sticky":false,"template":"","format":"standard","meta":{"footnotes":""},"categories":[1],"tags":[],"class_list":["post-2374","post","type-post","status-publish","format-standard","hentry","category-allgemein"],"yoast_head":"<!-- This site is optimized with the Yoast SEO plugin v26.4 - https:\/\/yoast.com\/wordpress\/plugins\/seo\/ -->\n<title>Systhema Heft 2-20 ist erschienen | Andreas Klink<\/title>\n<meta name=\"robots\" content=\"noindex, follow\" \/>\n<meta property=\"og:locale\" content=\"de_DE\" \/>\n<meta property=\"og:type\" content=\"article\" \/>\n<meta property=\"og:title\" content=\"Systhema Heft 2-20 ist erschienen | Andreas Klink\" \/>\n<meta property=\"og:description\" content=\"Die neue Systhema ist erschienen und wird in den n\u00e4chsten Tagen per Post verschickt. Weitere Informationen und Bestellm\u00f6glichkeiten unter: https:\/\/if-weinheim.de\/systhema\/systhema.html. Mit dieser Ausgabe erscheint die 100. Ausgabe der Systhema. Im Sinne einer W\u00fcrdigung enth\u00e4lt die 100. Systhema ein Interview mit den ersten vier Redakteuren der Systhema: Arist von Schlippe, Herbert Buchta, Wolfgang Loth und Haja Molter. In ihren Erz\u00e4hlungen und\" \/>\n<meta property=\"og:url\" content=\"http:\/\/www.aklink.de\/wpak\/archive\/2374\/systhema-heft-2-20-ist-erschienen\/\" \/>\n<meta property=\"og:site_name\" content=\"Andreas Klink\" \/>\n<meta property=\"article:published_time\" content=\"2020-06-21T20:36:01+00:00\" \/>\n<meta property=\"article:modified_time\" content=\"2020-06-21T20:42:10+00:00\" \/>\n<meta property=\"og:image\" content=\"http:\/\/www.aklink.de\/wpak\/wp-content\/uploads\/2020\/06\/systhema-2-20-210x300.jpg\" \/>\n<meta name=\"author\" content=\"ak\" \/>\n<meta name=\"twitter:card\" content=\"summary_large_image\" \/>\n<meta name=\"twitter:label1\" content=\"Verfasst von\" \/>\n\t<meta name=\"twitter:data1\" content=\"ak\" \/>\n\t<meta name=\"twitter:label2\" content=\"Gesch\u00e4tzte Lesezeit\" \/>\n\t<meta name=\"twitter:data2\" content=\"1\u00a0Minute\" \/>\n<script type=\"application\/ld+json\" class=\"yoast-schema-graph\">{\"@context\":\"https:\/\/schema.org\",\"@graph\":[{\"@type\":\"Article\",\"@id\":\"http:\/\/www.aklink.de\/wpak\/archive\/2374\/systhema-heft-2-20-ist-erschienen\/#article\",\"isPartOf\":{\"@id\":\"http:\/\/www.aklink.de\/wpak\/archive\/2374\/systhema-heft-2-20-ist-erschienen\/\"},\"author\":{\"name\":\"ak\",\"@id\":\"https:\/\/www.aklink.de\/wpak\/#\/schema\/person\/56e12f2c209b4947bd310bde790c9815\"},\"headline\":\"Systhema Heft 2-20 ist erschienen\",\"datePublished\":\"2020-06-21T20:36:01+00:00\",\"dateModified\":\"2020-06-21T20:42:10+00:00\",\"mainEntityOfPage\":{\"@id\":\"http:\/\/www.aklink.de\/wpak\/archive\/2374\/systhema-heft-2-20-ist-erschienen\/\"},\"wordCount\":132,\"publisher\":{\"@id\":\"https:\/\/www.aklink.de\/wpak\/#\/schema\/person\/56e12f2c209b4947bd310bde790c9815\"},\"image\":{\"@id\":\"http:\/\/www.aklink.de\/wpak\/archive\/2374\/systhema-heft-2-20-ist-erschienen\/#primaryimage\"},\"thumbnailUrl\":\"http:\/\/www.aklink.de\/wpak\/wp-content\/uploads\/2020\/06\/systhema-2-20-210x300.jpg\",\"inLanguage\":\"de\"},{\"@type\":\"WebPage\",\"@id\":\"http:\/\/www.aklink.de\/wpak\/archive\/2374\/systhema-heft-2-20-ist-erschienen\/\",\"url\":\"http:\/\/www.aklink.de\/wpak\/archive\/2374\/systhema-heft-2-20-ist-erschienen\/\",\"name\":\"Systhema Heft 2-20 ist erschienen | Andreas Klink\",\"isPartOf\":{\"@id\":\"https:\/\/www.aklink.de\/wpak\/#website\"},\"primaryImageOfPage\":{\"@id\":\"http:\/\/www.aklink.de\/wpak\/archive\/2374\/systhema-heft-2-20-ist-erschienen\/#primaryimage\"},\"image\":{\"@id\":\"http:\/\/www.aklink.de\/wpak\/archive\/2374\/systhema-heft-2-20-ist-erschienen\/#primaryimage\"},\"thumbnailUrl\":\"http:\/\/www.aklink.de\/wpak\/wp-content\/uploads\/2020\/06\/systhema-2-20-210x300.jpg\",\"datePublished\":\"2020-06-21T20:36:01+00:00\",\"dateModified\":\"2020-06-21T20:42:10+00:00\",\"breadcrumb\":{\"@id\":\"http:\/\/www.aklink.de\/wpak\/archive\/2374\/systhema-heft-2-20-ist-erschienen\/#breadcrumb\"},\"inLanguage\":\"de\",\"potentialAction\":[{\"@type\":\"ReadAction\",\"target\":[\"http:\/\/www.aklink.de\/wpak\/archive\/2374\/systhema-heft-2-20-ist-erschienen\/\"]}]},{\"@type\":\"ImageObject\",\"inLanguage\":\"de\",\"@id\":\"http:\/\/www.aklink.de\/wpak\/archive\/2374\/systhema-heft-2-20-ist-erschienen\/#primaryimage\",\"url\":\"http:\/\/www.aklink.de\/wpak\/wp-content\/uploads\/2020\/06\/systhema-2-20-210x300.jpg\",\"contentUrl\":\"http:\/\/www.aklink.de\/wpak\/wp-content\/uploads\/2020\/06\/systhema-2-20-210x300.jpg\"},{\"@type\":\"BreadcrumbList\",\"@id\":\"http:\/\/www.aklink.de\/wpak\/archive\/2374\/systhema-heft-2-20-ist-erschienen\/#breadcrumb\",\"itemListElement\":[{\"@type\":\"ListItem\",\"position\":1,\"name\":\"Startseite\",\"item\":\"https:\/\/www.aklink.de\/wpak\/\"},{\"@type\":\"ListItem\",\"position\":2,\"name\":\"Systhema Heft 2-20 ist erschienen\"}]},{\"@type\":\"WebSite\",\"@id\":\"https:\/\/www.aklink.de\/wpak\/#website\",\"url\":\"https:\/\/www.aklink.de\/wpak\/\",\"name\":\"Andreas Klink\",\"description\":\"\",\"publisher\":{\"@id\":\"https:\/\/www.aklink.de\/wpak\/#\/schema\/person\/56e12f2c209b4947bd310bde790c9815\"},\"potentialAction\":[{\"@type\":\"SearchAction\",\"target\":{\"@type\":\"EntryPoint\",\"urlTemplate\":\"https:\/\/www.aklink.de\/wpak\/?s={search_term_string}\"},\"query-input\":{\"@type\":\"PropertyValueSpecification\",\"valueRequired\":true,\"valueName\":\"search_term_string\"}}],\"inLanguage\":\"de\"},{\"@type\":[\"Person\",\"Organization\"],\"@id\":\"https:\/\/www.aklink.de\/wpak\/#\/schema\/person\/56e12f2c209b4947bd310bde790c9815\",\"name\":\"ak\",\"logo\":{\"@id\":\"https:\/\/www.aklink.de\/wpak\/#\/schema\/person\/image\/\"},\"sameAs\":[\"http:\/\/www.aklink.de\"]}]}<\/script>\n<!-- \/ Yoast SEO plugin. -->","yoast_head_json":{"title":"Systhema Heft 2-20 ist erschienen | Andreas Klink","robots":{"index":"noindex","follow":"follow"},"og_locale":"de_DE","og_type":"article","og_title":"Systhema Heft 2-20 ist erschienen | Andreas Klink","og_description":"Die neue Systhema ist erschienen und wird in den n\u00e4chsten Tagen per Post verschickt. Weitere Informationen und Bestellm\u00f6glichkeiten unter: https:\/\/if-weinheim.de\/systhema\/systhema.html. Mit dieser Ausgabe erscheint die 100. Ausgabe der Systhema. Im Sinne einer W\u00fcrdigung enth\u00e4lt die 100. Systhema ein Interview mit den ersten vier Redakteuren der Systhema: Arist von Schlippe, Herbert Buchta, Wolfgang Loth und Haja Molter. In ihren Erz\u00e4hlungen und","og_url":"http:\/\/www.aklink.de\/wpak\/archive\/2374\/systhema-heft-2-20-ist-erschienen\/","og_site_name":"Andreas Klink","article_published_time":"2020-06-21T20:36:01+00:00","article_modified_time":"2020-06-21T20:42:10+00:00","og_image":[{"url":"http:\/\/www.aklink.de\/wpak\/wp-content\/uploads\/2020\/06\/systhema-2-20-210x300.jpg","type":"","width":"","height":""}],"author":"ak","twitter_card":"summary_large_image","twitter_misc":{"Verfasst von":"ak","Gesch\u00e4tzte Lesezeit":"1\u00a0Minute"},"schema":{"@context":"https:\/\/schema.org","@graph":[{"@type":"Article","@id":"http:\/\/www.aklink.de\/wpak\/archive\/2374\/systhema-heft-2-20-ist-erschienen\/#article","isPartOf":{"@id":"http:\/\/www.aklink.de\/wpak\/archive\/2374\/systhema-heft-2-20-ist-erschienen\/"},"author":{"name":"ak","@id":"https:\/\/www.aklink.de\/wpak\/#\/schema\/person\/56e12f2c209b4947bd310bde790c9815"},"headline":"Systhema Heft 2-20 ist erschienen","datePublished":"2020-06-21T20:36:01+00:00","dateModified":"2020-06-21T20:42:10+00:00","mainEntityOfPage":{"@id":"http:\/\/www.aklink.de\/wpak\/archive\/2374\/systhema-heft-2-20-ist-erschienen\/"},"wordCount":132,"publisher":{"@id":"https:\/\/www.aklink.de\/wpak\/#\/schema\/person\/56e12f2c209b4947bd310bde790c9815"},"image":{"@id":"http:\/\/www.aklink.de\/wpak\/archive\/2374\/systhema-heft-2-20-ist-erschienen\/#primaryimage"},"thumbnailUrl":"http:\/\/www.aklink.de\/wpak\/wp-content\/uploads\/2020\/06\/systhema-2-20-210x300.jpg","inLanguage":"de"},{"@type":"WebPage","@id":"http:\/\/www.aklink.de\/wpak\/archive\/2374\/systhema-heft-2-20-ist-erschienen\/","url":"http:\/\/www.aklink.de\/wpak\/archive\/2374\/systhema-heft-2-20-ist-erschienen\/","name":"Systhema Heft 2-20 ist erschienen | Andreas Klink","isPartOf":{"@id":"https:\/\/www.aklink.de\/wpak\/#website"},"primaryImageOfPage":{"@id":"http:\/\/www.aklink.de\/wpak\/archive\/2374\/systhema-heft-2-20-ist-erschienen\/#primaryimage"},"image":{"@id":"http:\/\/www.aklink.de\/wpak\/archive\/2374\/systhema-heft-2-20-ist-erschienen\/#primaryimage"},"thumbnailUrl":"http:\/\/www.aklink.de\/wpak\/wp-content\/uploads\/2020\/06\/systhema-2-20-210x300.jpg","datePublished":"2020-06-21T20:36:01+00:00","dateModified":"2020-06-21T20:42:10+00:00","breadcrumb":{"@id":"http:\/\/www.aklink.de\/wpak\/archive\/2374\/systhema-heft-2-20-ist-erschienen\/#breadcrumb"},"inLanguage":"de","potentialAction":[{"@type":"ReadAction","target":["http:\/\/www.aklink.de\/wpak\/archive\/2374\/systhema-heft-2-20-ist-erschienen\/"]}]},{"@type":"ImageObject","inLanguage":"de","@id":"http:\/\/www.aklink.de\/wpak\/archive\/2374\/systhema-heft-2-20-ist-erschienen\/#primaryimage","url":"http:\/\/www.aklink.de\/wpak\/wp-content\/uploads\/2020\/06\/systhema-2-20-210x300.jpg","contentUrl":"http:\/\/www.aklink.de\/wpak\/wp-content\/uploads\/2020\/06\/systhema-2-20-210x300.jpg"},{"@type":"BreadcrumbList","@id":"http:\/\/www.aklink.de\/wpak\/archive\/2374\/systhema-heft-2-20-ist-erschienen\/#breadcrumb","itemListElement":[{"@type":"ListItem","position":1,"name":"Startseite","item":"https:\/\/www.aklink.de\/wpak\/"},{"@type":"ListItem","position":2,"name":"Systhema Heft 2-20 ist erschienen"}]},{"@type":"WebSite","@id":"https:\/\/www.aklink.de\/wpak\/#website","url":"https:\/\/www.aklink.de\/wpak\/","name":"Andreas Klink","description":"","publisher":{"@id":"https:\/\/www.aklink.de\/wpak\/#\/schema\/person\/56e12f2c209b4947bd310bde790c9815"},"potentialAction":[{"@type":"SearchAction","target":{"@type":"EntryPoint","urlTemplate":"https:\/\/www.aklink.de\/wpak\/?s={search_term_string}"},"query-input":{"@type":"PropertyValueSpecification","valueRequired":true,"valueName":"search_term_string"}}],"inLanguage":"de"},{"@type":["Person","Organization"],"@id":"https:\/\/www.aklink.de\/wpak\/#\/schema\/person\/56e12f2c209b4947bd310bde790c9815","name":"ak","logo":{"@id":"https:\/\/www.aklink.de\/wpak\/#\/schema\/person\/image\/"},"sameAs":["http:\/\/www.aklink.de"]}]}},"_links":{"self":[{"href":"http:\/\/www.aklink.de\/wpak\/wp-json\/wp\/v2\/posts\/2374","targetHints":{"allow":["GET"]}}],"collection":[{"href":"http:\/\/www.aklink.de\/wpak\/wp-json\/wp\/v2\/posts"}],"about":[{"href":"http:\/\/www.aklink.de\/wpak\/wp-json\/wp\/v2\/types\/post"}],"author":[{"embeddable":true,"href":"http:\/\/www.aklink.de\/wpak\/wp-json\/wp\/v2\/users\/1"}],"replies":[{"embeddable":true,"href":"http:\/\/www.aklink.de\/wpak\/wp-json\/wp\/v2\/comments?post=2374"}],"version-history":[{"count":7,"href":"http:\/\/www.aklink.de\/wpak\/wp-json\/wp\/v2\/posts\/2374\/revisions"}],"predecessor-version":[{"id":2381,"href":"http:\/\/www.aklink.de\/wpak\/wp-json\/wp\/v2\/posts\/2374\/revisions\/2381"}],"wp:attachment":[{"href":"http:\/\/www.aklink.de\/wpak\/wp-json\/wp\/v2\/media?parent=2374"}],"wp:term":[{"taxonomy":"category","embeddable":true,"href":"http:\/\/www.aklink.de\/wpak\/wp-json\/wp\/v2\/categories?post=2374"},{"taxonomy":"post_tag","embeddable":true,"href":"http:\/\/www.aklink.de\/wpak\/wp-json\/wp\/v2\/tags?post=2374"}],"curies":[{"name":"wp","href":"https:\/\/api.w.org\/{rel}","templated":true}]}}