{"id":1661,"date":"2014-01-19T22:13:49","date_gmt":"2014-01-19T21:13:49","guid":{"rendered":"http:\/\/www.aklink.de\/wpak\/?p=1661"},"modified":"2014-01-20T19:51:59","modified_gmt":"2014-01-20T18:51:59","slug":"systhema-heft-3-2013-ist-erschienen","status":"publish","type":"post","link":"https:\/\/www.aklink.de\/wpak\/archive\/1661\/systhema-heft-3-2013-ist-erschienen\/","title":{"rendered":"Systhema Heft 3-2013 ist erschienen"},"content":{"rendered":"<p><a href=\"http:\/\/www.aklink.de\/wpak\/wp-content\/uploads\/2014\/01\/systhema-3-13.jpg\"><img loading=\"lazy\" decoding=\"async\" class=\"wp-image-1673 alignleft\" style=\"margin: 6px;\" alt=\"systhema 3-13\" src=\"http:\/\/www.aklink.de\/wpak\/wp-content\/uploads\/2014\/01\/systhema-3-13.jpg\" width=\"184\" height=\"259\" srcset=\"https:\/\/www.aklink.de\/wpak\/wp-content\/uploads\/2014\/01\/systhema-3-13.jpg 640w, https:\/\/www.aklink.de\/wpak\/wp-content\/uploads\/2014\/01\/systhema-3-13-213x300.jpg 213w\" sizes=\"auto, (max-width: 184px) 100vw, 184px\" \/><\/a>Systhema Heft 3-2013 ist erschienen.<br \/>\nThemenschwerpunk: Das Dritte in der Kinder- und Jugendhilfe.<br \/>\nMit Beitr\u00e4gen von Karin N\u00f6cker, Haja Molter, Andreas Klink, Sabine Kuhn, Iris Winkelmann, Mathias Berg, Karin K\u00fcppers, Britta Schmitz, Simone Jost.<\/p>\n<p>Klink, A. (2013).\u00a0<a href=\"http:\/\/www.aklink.de\/wpak\/wp-content\/uploads\/2013\/12\/Systhema-2013-Klink.pdf\" target=\"_blank\">M\u00fcssen, d\u00fcrfen, sollen, wollen, k\u00f6nnen \u2013 systemische Perspektiven auf sogenannte \u201eZwangskontexte\u201c in der ambulanten Kinder- und Jugendhilfe<\/a>. Systhema 27(3), S. 223-238.<\/p>\n","protected":false},"excerpt":{"rendered":"<p>Systhema Heft 3-2013 ist erschienen. Themenschwerpunk: Das Dritte in der Kinder- und Jugendhilfe. Mit Beitr\u00e4gen von Karin N\u00f6cker, Haja Molter, Andreas Klink, Sabine Kuhn, Iris Winkelmann, Mathias Berg, Karin K\u00fcppers, Britta Schmitz, Simone Jost. Klink, A. (2013).\u00a0M\u00fcssen, d\u00fcrfen, sollen, wollen, k\u00f6nnen \u2013 systemische Perspektiven auf sogenannte \u201eZwangskontexte\u201c in der ambulanten Kinder- und Jugendhilfe. Systhema 27(3), S. 223-238.<\/p>\n","protected":false},"author":1,"featured_media":0,"comment_status":"closed","ping_status":"open","sticky":false,"template":"","format":"standard","meta":{"footnotes":""},"categories":[5],"tags":[],"class_list":["post-1661","post","type-post","status-publish","format-standard","hentry","category-aktuelles"],"yoast_head":"<!-- This site is optimized with the Yoast SEO plugin v26.4 - https:\/\/yoast.com\/wordpress\/plugins\/seo\/ -->\n<title>Systhema Heft 3-2013 ist erschienen | Andreas Klink<\/title>\n<meta name=\"robots\" content=\"noindex, follow\" \/>\n<meta property=\"og:locale\" content=\"de_DE\" \/>\n<meta property=\"og:type\" content=\"article\" \/>\n<meta property=\"og:title\" content=\"Systhema Heft 3-2013 ist erschienen | Andreas Klink\" \/>\n<meta property=\"og:description\" content=\"Systhema Heft 3-2013 ist erschienen. Themenschwerpunk: Das Dritte in der Kinder- und Jugendhilfe. Mit Beitr\u00e4gen von Karin N\u00f6cker, Haja Molter, Andreas Klink, Sabine Kuhn, Iris Winkelmann, Mathias Berg, Karin K\u00fcppers, Britta Schmitz, Simone Jost. Klink, A. (2013).\u00a0M\u00fcssen, d\u00fcrfen, sollen, wollen, k\u00f6nnen \u2013 systemische Perspektiven auf sogenannte \u201eZwangskontexte\u201c in der ambulanten Kinder- und Jugendhilfe. Systhema 27(3), S. 223-238.\" \/>\n<meta property=\"og:url\" content=\"https:\/\/www.aklink.de\/wpak\/archive\/1661\/systhema-heft-3-2013-ist-erschienen\/\" \/>\n<meta property=\"og:site_name\" content=\"Andreas Klink\" \/>\n<meta property=\"article:published_time\" content=\"2014-01-19T21:13:49+00:00\" \/>\n<meta property=\"article:modified_time\" content=\"2014-01-20T18:51:59+00:00\" \/>\n<meta property=\"og:image\" content=\"http:\/\/www.aklink.de\/wpak\/wp-content\/uploads\/2014\/01\/systhema-3-13.jpg\" \/>\n<meta name=\"author\" content=\"ak\" \/>\n<meta name=\"twitter:card\" content=\"summary_large_image\" \/>\n<meta name=\"twitter:label1\" content=\"Verfasst von\" \/>\n\t<meta name=\"twitter:data1\" content=\"ak\" \/>\n<script type=\"application\/ld+json\" class=\"yoast-schema-graph\">{\"@context\":\"https:\/\/schema.org\",\"@graph\":[{\"@type\":\"Article\",\"@id\":\"https:\/\/www.aklink.de\/wpak\/archive\/1661\/systhema-heft-3-2013-ist-erschienen\/#article\",\"isPartOf\":{\"@id\":\"https:\/\/www.aklink.de\/wpak\/archive\/1661\/systhema-heft-3-2013-ist-erschienen\/\"},\"author\":{\"name\":\"ak\",\"@id\":\"https:\/\/www.aklink.de\/wpak\/#\/schema\/person\/56e12f2c209b4947bd310bde790c9815\"},\"headline\":\"Systhema Heft 3-2013 ist erschienen\",\"datePublished\":\"2014-01-19T21:13:49+00:00\",\"dateModified\":\"2014-01-20T18:51:59+00:00\",\"mainEntityOfPage\":{\"@id\":\"https:\/\/www.aklink.de\/wpak\/archive\/1661\/systhema-heft-3-2013-ist-erschienen\/\"},\"wordCount\":66,\"publisher\":{\"@id\":\"https:\/\/www.aklink.de\/wpak\/#\/schema\/person\/56e12f2c209b4947bd310bde790c9815\"},\"image\":{\"@id\":\"https:\/\/www.aklink.de\/wpak\/archive\/1661\/systhema-heft-3-2013-ist-erschienen\/#primaryimage\"},\"thumbnailUrl\":\"http:\/\/www.aklink.de\/wpak\/wp-content\/uploads\/2014\/01\/systhema-3-13.jpg\",\"articleSection\":[\"Aktuelles\"],\"inLanguage\":\"de\"},{\"@type\":\"WebPage\",\"@id\":\"https:\/\/www.aklink.de\/wpak\/archive\/1661\/systhema-heft-3-2013-ist-erschienen\/\",\"url\":\"https:\/\/www.aklink.de\/wpak\/archive\/1661\/systhema-heft-3-2013-ist-erschienen\/\",\"name\":\"Systhema Heft 3-2013 ist erschienen | Andreas Klink\",\"isPartOf\":{\"@id\":\"https:\/\/www.aklink.de\/wpak\/#website\"},\"primaryImageOfPage\":{\"@id\":\"https:\/\/www.aklink.de\/wpak\/archive\/1661\/systhema-heft-3-2013-ist-erschienen\/#primaryimage\"},\"image\":{\"@id\":\"https:\/\/www.aklink.de\/wpak\/archive\/1661\/systhema-heft-3-2013-ist-erschienen\/#primaryimage\"},\"thumbnailUrl\":\"http:\/\/www.aklink.de\/wpak\/wp-content\/uploads\/2014\/01\/systhema-3-13.jpg\",\"datePublished\":\"2014-01-19T21:13:49+00:00\",\"dateModified\":\"2014-01-20T18:51:59+00:00\",\"breadcrumb\":{\"@id\":\"https:\/\/www.aklink.de\/wpak\/archive\/1661\/systhema-heft-3-2013-ist-erschienen\/#breadcrumb\"},\"inLanguage\":\"de\",\"potentialAction\":[{\"@type\":\"ReadAction\",\"target\":[\"https:\/\/www.aklink.de\/wpak\/archive\/1661\/systhema-heft-3-2013-ist-erschienen\/\"]}]},{\"@type\":\"ImageObject\",\"inLanguage\":\"de\",\"@id\":\"https:\/\/www.aklink.de\/wpak\/archive\/1661\/systhema-heft-3-2013-ist-erschienen\/#primaryimage\",\"url\":\"https:\/\/www.aklink.de\/wpak\/wp-content\/uploads\/2014\/01\/systhema-3-13.jpg\",\"contentUrl\":\"https:\/\/www.aklink.de\/wpak\/wp-content\/uploads\/2014\/01\/systhema-3-13.jpg\",\"width\":640,\"height\":900},{\"@type\":\"BreadcrumbList\",\"@id\":\"https:\/\/www.aklink.de\/wpak\/archive\/1661\/systhema-heft-3-2013-ist-erschienen\/#breadcrumb\",\"itemListElement\":[{\"@type\":\"ListItem\",\"position\":1,\"name\":\"Startseite\",\"item\":\"https:\/\/www.aklink.de\/wpak\/\"},{\"@type\":\"ListItem\",\"position\":2,\"name\":\"Systhema Heft 3-2013 ist erschienen\"}]},{\"@type\":\"WebSite\",\"@id\":\"https:\/\/www.aklink.de\/wpak\/#website\",\"url\":\"https:\/\/www.aklink.de\/wpak\/\",\"name\":\"Andreas Klink\",\"description\":\"\",\"publisher\":{\"@id\":\"https:\/\/www.aklink.de\/wpak\/#\/schema\/person\/56e12f2c209b4947bd310bde790c9815\"},\"potentialAction\":[{\"@type\":\"SearchAction\",\"target\":{\"@type\":\"EntryPoint\",\"urlTemplate\":\"https:\/\/www.aklink.de\/wpak\/?s={search_term_string}\"},\"query-input\":{\"@type\":\"PropertyValueSpecification\",\"valueRequired\":true,\"valueName\":\"search_term_string\"}}],\"inLanguage\":\"de\"},{\"@type\":[\"Person\",\"Organization\"],\"@id\":\"https:\/\/www.aklink.de\/wpak\/#\/schema\/person\/56e12f2c209b4947bd310bde790c9815\",\"name\":\"ak\",\"logo\":{\"@id\":\"https:\/\/www.aklink.de\/wpak\/#\/schema\/person\/image\/\"},\"sameAs\":[\"http:\/\/www.aklink.de\"]}]}<\/script>\n<!-- \/ Yoast SEO plugin. -->","yoast_head_json":{"title":"Systhema Heft 3-2013 ist erschienen | Andreas Klink","robots":{"index":"noindex","follow":"follow"},"og_locale":"de_DE","og_type":"article","og_title":"Systhema Heft 3-2013 ist erschienen | Andreas Klink","og_description":"Systhema Heft 3-2013 ist erschienen. Themenschwerpunk: Das Dritte in der Kinder- und Jugendhilfe. Mit Beitr\u00e4gen von Karin N\u00f6cker, Haja Molter, Andreas Klink, Sabine Kuhn, Iris Winkelmann, Mathias Berg, Karin K\u00fcppers, Britta Schmitz, Simone Jost. Klink, A. (2013).\u00a0M\u00fcssen, d\u00fcrfen, sollen, wollen, k\u00f6nnen \u2013 systemische Perspektiven auf sogenannte \u201eZwangskontexte\u201c in der ambulanten Kinder- und Jugendhilfe. Systhema 27(3), S. 223-238.","og_url":"https:\/\/www.aklink.de\/wpak\/archive\/1661\/systhema-heft-3-2013-ist-erschienen\/","og_site_name":"Andreas Klink","article_published_time":"2014-01-19T21:13:49+00:00","article_modified_time":"2014-01-20T18:51:59+00:00","og_image":[{"url":"http:\/\/www.aklink.de\/wpak\/wp-content\/uploads\/2014\/01\/systhema-3-13.jpg","type":"","width":"","height":""}],"author":"ak","twitter_card":"summary_large_image","twitter_misc":{"Verfasst von":"ak"},"schema":{"@context":"https:\/\/schema.org","@graph":[{"@type":"Article","@id":"https:\/\/www.aklink.de\/wpak\/archive\/1661\/systhema-heft-3-2013-ist-erschienen\/#article","isPartOf":{"@id":"https:\/\/www.aklink.de\/wpak\/archive\/1661\/systhema-heft-3-2013-ist-erschienen\/"},"author":{"name":"ak","@id":"https:\/\/www.aklink.de\/wpak\/#\/schema\/person\/56e12f2c209b4947bd310bde790c9815"},"headline":"Systhema Heft 3-2013 ist erschienen","datePublished":"2014-01-19T21:13:49+00:00","dateModified":"2014-01-20T18:51:59+00:00","mainEntityOfPage":{"@id":"https:\/\/www.aklink.de\/wpak\/archive\/1661\/systhema-heft-3-2013-ist-erschienen\/"},"wordCount":66,"publisher":{"@id":"https:\/\/www.aklink.de\/wpak\/#\/schema\/person\/56e12f2c209b4947bd310bde790c9815"},"image":{"@id":"https:\/\/www.aklink.de\/wpak\/archive\/1661\/systhema-heft-3-2013-ist-erschienen\/#primaryimage"},"thumbnailUrl":"http:\/\/www.aklink.de\/wpak\/wp-content\/uploads\/2014\/01\/systhema-3-13.jpg","articleSection":["Aktuelles"],"inLanguage":"de"},{"@type":"WebPage","@id":"https:\/\/www.aklink.de\/wpak\/archive\/1661\/systhema-heft-3-2013-ist-erschienen\/","url":"https:\/\/www.aklink.de\/wpak\/archive\/1661\/systhema-heft-3-2013-ist-erschienen\/","name":"Systhema Heft 3-2013 ist erschienen | Andreas Klink","isPartOf":{"@id":"https:\/\/www.aklink.de\/wpak\/#website"},"primaryImageOfPage":{"@id":"https:\/\/www.aklink.de\/wpak\/archive\/1661\/systhema-heft-3-2013-ist-erschienen\/#primaryimage"},"image":{"@id":"https:\/\/www.aklink.de\/wpak\/archive\/1661\/systhema-heft-3-2013-ist-erschienen\/#primaryimage"},"thumbnailUrl":"http:\/\/www.aklink.de\/wpak\/wp-content\/uploads\/2014\/01\/systhema-3-13.jpg","datePublished":"2014-01-19T21:13:49+00:00","dateModified":"2014-01-20T18:51:59+00:00","breadcrumb":{"@id":"https:\/\/www.aklink.de\/wpak\/archive\/1661\/systhema-heft-3-2013-ist-erschienen\/#breadcrumb"},"inLanguage":"de","potentialAction":[{"@type":"ReadAction","target":["https:\/\/www.aklink.de\/wpak\/archive\/1661\/systhema-heft-3-2013-ist-erschienen\/"]}]},{"@type":"ImageObject","inLanguage":"de","@id":"https:\/\/www.aklink.de\/wpak\/archive\/1661\/systhema-heft-3-2013-ist-erschienen\/#primaryimage","url":"https:\/\/www.aklink.de\/wpak\/wp-content\/uploads\/2014\/01\/systhema-3-13.jpg","contentUrl":"https:\/\/www.aklink.de\/wpak\/wp-content\/uploads\/2014\/01\/systhema-3-13.jpg","width":640,"height":900},{"@type":"BreadcrumbList","@id":"https:\/\/www.aklink.de\/wpak\/archive\/1661\/systhema-heft-3-2013-ist-erschienen\/#breadcrumb","itemListElement":[{"@type":"ListItem","position":1,"name":"Startseite","item":"https:\/\/www.aklink.de\/wpak\/"},{"@type":"ListItem","position":2,"name":"Systhema Heft 3-2013 ist erschienen"}]},{"@type":"WebSite","@id":"https:\/\/www.aklink.de\/wpak\/#website","url":"https:\/\/www.aklink.de\/wpak\/","name":"Andreas Klink","description":"","publisher":{"@id":"https:\/\/www.aklink.de\/wpak\/#\/schema\/person\/56e12f2c209b4947bd310bde790c9815"},"potentialAction":[{"@type":"SearchAction","target":{"@type":"EntryPoint","urlTemplate":"https:\/\/www.aklink.de\/wpak\/?s={search_term_string}"},"query-input":{"@type":"PropertyValueSpecification","valueRequired":true,"valueName":"search_term_string"}}],"inLanguage":"de"},{"@type":["Person","Organization"],"@id":"https:\/\/www.aklink.de\/wpak\/#\/schema\/person\/56e12f2c209b4947bd310bde790c9815","name":"ak","logo":{"@id":"https:\/\/www.aklink.de\/wpak\/#\/schema\/person\/image\/"},"sameAs":["http:\/\/www.aklink.de"]}]}},"_links":{"self":[{"href":"https:\/\/www.aklink.de\/wpak\/wp-json\/wp\/v2\/posts\/1661","targetHints":{"allow":["GET"]}}],"collection":[{"href":"https:\/\/www.aklink.de\/wpak\/wp-json\/wp\/v2\/posts"}],"about":[{"href":"https:\/\/www.aklink.de\/wpak\/wp-json\/wp\/v2\/types\/post"}],"author":[{"embeddable":true,"href":"https:\/\/www.aklink.de\/wpak\/wp-json\/wp\/v2\/users\/1"}],"replies":[{"embeddable":true,"href":"https:\/\/www.aklink.de\/wpak\/wp-json\/wp\/v2\/comments?post=1661"}],"version-history":[{"count":9,"href":"https:\/\/www.aklink.de\/wpak\/wp-json\/wp\/v2\/posts\/1661\/revisions"}],"predecessor-version":[{"id":1675,"href":"https:\/\/www.aklink.de\/wpak\/wp-json\/wp\/v2\/posts\/1661\/revisions\/1675"}],"wp:attachment":[{"href":"https:\/\/www.aklink.de\/wpak\/wp-json\/wp\/v2\/media?parent=1661"}],"wp:term":[{"taxonomy":"category","embeddable":true,"href":"https:\/\/www.aklink.de\/wpak\/wp-json\/wp\/v2\/categories?post=1661"},{"taxonomy":"post_tag","embeddable":true,"href":"https:\/\/www.aklink.de\/wpak\/wp-json\/wp\/v2\/tags?post=1661"}],"curies":[{"name":"wp","href":"https:\/\/api.w.org\/{rel}","templated":true}]}}