{"id":1777,"date":"2015-03-30T21:02:59","date_gmt":"2015-03-30T19:02:59","guid":{"rendered":"http:\/\/www.aklink.de\/wpak\/?p=1777"},"modified":"2015-03-30T21:06:54","modified_gmt":"2015-03-30T19:06:54","slug":"systhema-heft-1-2015-ist-erschienen","status":"publish","type":"post","link":"https:\/\/www.aklink.de\/wpak\/archive\/1777\/systhema-heft-1-2015-ist-erschienen\/","title":{"rendered":"Systhema Heft 1-2015 ist erschienen"},"content":{"rendered":"<p>Systhema Heft 1-2015 ist erschienen.<br \/>\nThemenschwerpunkt: 40 Jahre IF Weinheim &#8211; 1001 Gr\u00fcnde zu feiern.<\/p>\n<p><a href=\"http:\/\/www.aklink.de\/wpak\/wp-content\/uploads\/2015\/03\/Systhema-1-15.jpg\"><img loading=\"lazy\" decoding=\"async\" class=\"alignleft wp-image-1776\" src=\"http:\/\/www.aklink.de\/wpak\/wp-content\/uploads\/2015\/03\/Systhema-1-15-212x300.jpg\" alt=\"Systhema-1-15\" width=\"170\" height=\"240\" \/><\/a><\/p>\n<p>&nbsp;<\/p>\n<p>Seit 40 Jahren steht der Name IF Weinheim f\u00fcr eine besondere Art und Weise, systemische Theorie und Praxis zu lehren. Mit dieser Systhema-Ausgabe wird an einige der LehrtherapeutInnen der ersten Stunde erinnert und in guter Weinheimer Tradition aus verschiedenen Perspektiven auf das Vergangene zur\u00fcckgeblickt.<\/p>\n<p>Dar\u00fcber hinaus enth\u00e4lt die neue Systhema-Ausgabe auch einige aktuelle Beitr\u00e4ge.<\/p>\n","protected":false},"excerpt":{"rendered":"<p>Systhema Heft 1-2015 ist erschienen. Themenschwerpunkt: 40 Jahre IF Weinheim &#8211; 1001 Gr\u00fcnde zu feiern. &nbsp; Seit 40 Jahren steht der Name IF Weinheim f\u00fcr eine besondere Art und Weise, systemische Theorie und Praxis zu lehren. Mit dieser Systhema-Ausgabe wird an einige der LehrtherapeutInnen der ersten Stunde erinnert und in guter Weinheimer Tradition aus verschiedenen Perspektiven auf das Vergangene zur\u00fcckgeblickt.<\/p>\n","protected":false},"author":1,"featured_media":0,"comment_status":"closed","ping_status":"open","sticky":false,"template":"","format":"standard","meta":{"footnotes":""},"categories":[1],"tags":[],"class_list":["post-1777","post","type-post","status-publish","format-standard","hentry","category-allgemein"],"yoast_head":"<!-- This site is optimized with the Yoast SEO plugin v26.4 - https:\/\/yoast.com\/wordpress\/plugins\/seo\/ -->\n<title>Systhema Heft 1-2015 ist erschienen | Andreas Klink<\/title>\n<meta name=\"robots\" content=\"noindex, follow\" \/>\n<meta property=\"og:locale\" content=\"de_DE\" \/>\n<meta property=\"og:type\" content=\"article\" \/>\n<meta property=\"og:title\" content=\"Systhema Heft 1-2015 ist erschienen | Andreas Klink\" \/>\n<meta property=\"og:description\" content=\"Systhema Heft 1-2015 ist erschienen. Themenschwerpunkt: 40 Jahre IF Weinheim &#8211; 1001 Gr\u00fcnde zu feiern. &nbsp; Seit 40 Jahren steht der Name IF Weinheim f\u00fcr eine besondere Art und Weise, systemische Theorie und Praxis zu lehren. Mit dieser Systhema-Ausgabe wird an einige der LehrtherapeutInnen der ersten Stunde erinnert und in guter Weinheimer Tradition aus verschiedenen Perspektiven auf das Vergangene zur\u00fcckgeblickt.\" \/>\n<meta property=\"og:url\" content=\"https:\/\/www.aklink.de\/wpak\/archive\/1777\/systhema-heft-1-2015-ist-erschienen\/\" \/>\n<meta property=\"og:site_name\" content=\"Andreas Klink\" \/>\n<meta property=\"article:published_time\" content=\"2015-03-30T19:02:59+00:00\" \/>\n<meta property=\"article:modified_time\" content=\"2015-03-30T19:06:54+00:00\" \/>\n<meta property=\"og:image\" content=\"http:\/\/www.aklink.de\/wpak\/wp-content\/uploads\/2015\/03\/Systhema-1-15-212x300.jpg\" \/>\n<meta name=\"author\" content=\"ak\" \/>\n<meta name=\"twitter:card\" content=\"summary_large_image\" \/>\n<meta name=\"twitter:label1\" content=\"Verfasst von\" \/>\n\t<meta name=\"twitter:data1\" content=\"ak\" \/>\n<script type=\"application\/ld+json\" class=\"yoast-schema-graph\">{\"@context\":\"https:\/\/schema.org\",\"@graph\":[{\"@type\":\"Article\",\"@id\":\"https:\/\/www.aklink.de\/wpak\/archive\/1777\/systhema-heft-1-2015-ist-erschienen\/#article\",\"isPartOf\":{\"@id\":\"https:\/\/www.aklink.de\/wpak\/archive\/1777\/systhema-heft-1-2015-ist-erschienen\/\"},\"author\":{\"name\":\"ak\",\"@id\":\"https:\/\/www.aklink.de\/wpak\/#\/schema\/person\/56e12f2c209b4947bd310bde790c9815\"},\"headline\":\"Systhema Heft 1-2015 ist erschienen\",\"datePublished\":\"2015-03-30T19:02:59+00:00\",\"dateModified\":\"2015-03-30T19:06:54+00:00\",\"mainEntityOfPage\":{\"@id\":\"https:\/\/www.aklink.de\/wpak\/archive\/1777\/systhema-heft-1-2015-ist-erschienen\/\"},\"wordCount\":78,\"publisher\":{\"@id\":\"https:\/\/www.aklink.de\/wpak\/#\/schema\/person\/56e12f2c209b4947bd310bde790c9815\"},\"image\":{\"@id\":\"https:\/\/www.aklink.de\/wpak\/archive\/1777\/systhema-heft-1-2015-ist-erschienen\/#primaryimage\"},\"thumbnailUrl\":\"http:\/\/www.aklink.de\/wpak\/wp-content\/uploads\/2015\/03\/Systhema-1-15-212x300.jpg\",\"inLanguage\":\"de\"},{\"@type\":\"WebPage\",\"@id\":\"https:\/\/www.aklink.de\/wpak\/archive\/1777\/systhema-heft-1-2015-ist-erschienen\/\",\"url\":\"https:\/\/www.aklink.de\/wpak\/archive\/1777\/systhema-heft-1-2015-ist-erschienen\/\",\"name\":\"Systhema Heft 1-2015 ist erschienen | Andreas Klink\",\"isPartOf\":{\"@id\":\"https:\/\/www.aklink.de\/wpak\/#website\"},\"primaryImageOfPage\":{\"@id\":\"https:\/\/www.aklink.de\/wpak\/archive\/1777\/systhema-heft-1-2015-ist-erschienen\/#primaryimage\"},\"image\":{\"@id\":\"https:\/\/www.aklink.de\/wpak\/archive\/1777\/systhema-heft-1-2015-ist-erschienen\/#primaryimage\"},\"thumbnailUrl\":\"http:\/\/www.aklink.de\/wpak\/wp-content\/uploads\/2015\/03\/Systhema-1-15-212x300.jpg\",\"datePublished\":\"2015-03-30T19:02:59+00:00\",\"dateModified\":\"2015-03-30T19:06:54+00:00\",\"breadcrumb\":{\"@id\":\"https:\/\/www.aklink.de\/wpak\/archive\/1777\/systhema-heft-1-2015-ist-erschienen\/#breadcrumb\"},\"inLanguage\":\"de\",\"potentialAction\":[{\"@type\":\"ReadAction\",\"target\":[\"https:\/\/www.aklink.de\/wpak\/archive\/1777\/systhema-heft-1-2015-ist-erschienen\/\"]}]},{\"@type\":\"ImageObject\",\"inLanguage\":\"de\",\"@id\":\"https:\/\/www.aklink.de\/wpak\/archive\/1777\/systhema-heft-1-2015-ist-erschienen\/#primaryimage\",\"url\":\"http:\/\/www.aklink.de\/wpak\/wp-content\/uploads\/2015\/03\/Systhema-1-15-212x300.jpg\",\"contentUrl\":\"http:\/\/www.aklink.de\/wpak\/wp-content\/uploads\/2015\/03\/Systhema-1-15-212x300.jpg\"},{\"@type\":\"BreadcrumbList\",\"@id\":\"https:\/\/www.aklink.de\/wpak\/archive\/1777\/systhema-heft-1-2015-ist-erschienen\/#breadcrumb\",\"itemListElement\":[{\"@type\":\"ListItem\",\"position\":1,\"name\":\"Startseite\",\"item\":\"https:\/\/www.aklink.de\/wpak\/\"},{\"@type\":\"ListItem\",\"position\":2,\"name\":\"Systhema Heft 1-2015 ist erschienen\"}]},{\"@type\":\"WebSite\",\"@id\":\"https:\/\/www.aklink.de\/wpak\/#website\",\"url\":\"https:\/\/www.aklink.de\/wpak\/\",\"name\":\"Andreas Klink\",\"description\":\"\",\"publisher\":{\"@id\":\"https:\/\/www.aklink.de\/wpak\/#\/schema\/person\/56e12f2c209b4947bd310bde790c9815\"},\"potentialAction\":[{\"@type\":\"SearchAction\",\"target\":{\"@type\":\"EntryPoint\",\"urlTemplate\":\"https:\/\/www.aklink.de\/wpak\/?s={search_term_string}\"},\"query-input\":{\"@type\":\"PropertyValueSpecification\",\"valueRequired\":true,\"valueName\":\"search_term_string\"}}],\"inLanguage\":\"de\"},{\"@type\":[\"Person\",\"Organization\"],\"@id\":\"https:\/\/www.aklink.de\/wpak\/#\/schema\/person\/56e12f2c209b4947bd310bde790c9815\",\"name\":\"ak\",\"logo\":{\"@id\":\"https:\/\/www.aklink.de\/wpak\/#\/schema\/person\/image\/\"},\"sameAs\":[\"http:\/\/www.aklink.de\"]}]}<\/script>\n<!-- \/ Yoast SEO plugin. -->","yoast_head_json":{"title":"Systhema Heft 1-2015 ist erschienen | Andreas Klink","robots":{"index":"noindex","follow":"follow"},"og_locale":"de_DE","og_type":"article","og_title":"Systhema Heft 1-2015 ist erschienen | Andreas Klink","og_description":"Systhema Heft 1-2015 ist erschienen. Themenschwerpunkt: 40 Jahre IF Weinheim &#8211; 1001 Gr\u00fcnde zu feiern. &nbsp; Seit 40 Jahren steht der Name IF Weinheim f\u00fcr eine besondere Art und Weise, systemische Theorie und Praxis zu lehren. Mit dieser Systhema-Ausgabe wird an einige der LehrtherapeutInnen der ersten Stunde erinnert und in guter Weinheimer Tradition aus verschiedenen Perspektiven auf das Vergangene zur\u00fcckgeblickt.","og_url":"https:\/\/www.aklink.de\/wpak\/archive\/1777\/systhema-heft-1-2015-ist-erschienen\/","og_site_name":"Andreas Klink","article_published_time":"2015-03-30T19:02:59+00:00","article_modified_time":"2015-03-30T19:06:54+00:00","og_image":[{"url":"http:\/\/www.aklink.de\/wpak\/wp-content\/uploads\/2015\/03\/Systhema-1-15-212x300.jpg","type":"","width":"","height":""}],"author":"ak","twitter_card":"summary_large_image","twitter_misc":{"Verfasst von":"ak"},"schema":{"@context":"https:\/\/schema.org","@graph":[{"@type":"Article","@id":"https:\/\/www.aklink.de\/wpak\/archive\/1777\/systhema-heft-1-2015-ist-erschienen\/#article","isPartOf":{"@id":"https:\/\/www.aklink.de\/wpak\/archive\/1777\/systhema-heft-1-2015-ist-erschienen\/"},"author":{"name":"ak","@id":"https:\/\/www.aklink.de\/wpak\/#\/schema\/person\/56e12f2c209b4947bd310bde790c9815"},"headline":"Systhema Heft 1-2015 ist erschienen","datePublished":"2015-03-30T19:02:59+00:00","dateModified":"2015-03-30T19:06:54+00:00","mainEntityOfPage":{"@id":"https:\/\/www.aklink.de\/wpak\/archive\/1777\/systhema-heft-1-2015-ist-erschienen\/"},"wordCount":78,"publisher":{"@id":"https:\/\/www.aklink.de\/wpak\/#\/schema\/person\/56e12f2c209b4947bd310bde790c9815"},"image":{"@id":"https:\/\/www.aklink.de\/wpak\/archive\/1777\/systhema-heft-1-2015-ist-erschienen\/#primaryimage"},"thumbnailUrl":"http:\/\/www.aklink.de\/wpak\/wp-content\/uploads\/2015\/03\/Systhema-1-15-212x300.jpg","inLanguage":"de"},{"@type":"WebPage","@id":"https:\/\/www.aklink.de\/wpak\/archive\/1777\/systhema-heft-1-2015-ist-erschienen\/","url":"https:\/\/www.aklink.de\/wpak\/archive\/1777\/systhema-heft-1-2015-ist-erschienen\/","name":"Systhema Heft 1-2015 ist erschienen | Andreas Klink","isPartOf":{"@id":"https:\/\/www.aklink.de\/wpak\/#website"},"primaryImageOfPage":{"@id":"https:\/\/www.aklink.de\/wpak\/archive\/1777\/systhema-heft-1-2015-ist-erschienen\/#primaryimage"},"image":{"@id":"https:\/\/www.aklink.de\/wpak\/archive\/1777\/systhema-heft-1-2015-ist-erschienen\/#primaryimage"},"thumbnailUrl":"http:\/\/www.aklink.de\/wpak\/wp-content\/uploads\/2015\/03\/Systhema-1-15-212x300.jpg","datePublished":"2015-03-30T19:02:59+00:00","dateModified":"2015-03-30T19:06:54+00:00","breadcrumb":{"@id":"https:\/\/www.aklink.de\/wpak\/archive\/1777\/systhema-heft-1-2015-ist-erschienen\/#breadcrumb"},"inLanguage":"de","potentialAction":[{"@type":"ReadAction","target":["https:\/\/www.aklink.de\/wpak\/archive\/1777\/systhema-heft-1-2015-ist-erschienen\/"]}]},{"@type":"ImageObject","inLanguage":"de","@id":"https:\/\/www.aklink.de\/wpak\/archive\/1777\/systhema-heft-1-2015-ist-erschienen\/#primaryimage","url":"http:\/\/www.aklink.de\/wpak\/wp-content\/uploads\/2015\/03\/Systhema-1-15-212x300.jpg","contentUrl":"http:\/\/www.aklink.de\/wpak\/wp-content\/uploads\/2015\/03\/Systhema-1-15-212x300.jpg"},{"@type":"BreadcrumbList","@id":"https:\/\/www.aklink.de\/wpak\/archive\/1777\/systhema-heft-1-2015-ist-erschienen\/#breadcrumb","itemListElement":[{"@type":"ListItem","position":1,"name":"Startseite","item":"https:\/\/www.aklink.de\/wpak\/"},{"@type":"ListItem","position":2,"name":"Systhema Heft 1-2015 ist erschienen"}]},{"@type":"WebSite","@id":"https:\/\/www.aklink.de\/wpak\/#website","url":"https:\/\/www.aklink.de\/wpak\/","name":"Andreas Klink","description":"","publisher":{"@id":"https:\/\/www.aklink.de\/wpak\/#\/schema\/person\/56e12f2c209b4947bd310bde790c9815"},"potentialAction":[{"@type":"SearchAction","target":{"@type":"EntryPoint","urlTemplate":"https:\/\/www.aklink.de\/wpak\/?s={search_term_string}"},"query-input":{"@type":"PropertyValueSpecification","valueRequired":true,"valueName":"search_term_string"}}],"inLanguage":"de"},{"@type":["Person","Organization"],"@id":"https:\/\/www.aklink.de\/wpak\/#\/schema\/person\/56e12f2c209b4947bd310bde790c9815","name":"ak","logo":{"@id":"https:\/\/www.aklink.de\/wpak\/#\/schema\/person\/image\/"},"sameAs":["http:\/\/www.aklink.de"]}]}},"_links":{"self":[{"href":"https:\/\/www.aklink.de\/wpak\/wp-json\/wp\/v2\/posts\/1777","targetHints":{"allow":["GET"]}}],"collection":[{"href":"https:\/\/www.aklink.de\/wpak\/wp-json\/wp\/v2\/posts"}],"about":[{"href":"https:\/\/www.aklink.de\/wpak\/wp-json\/wp\/v2\/types\/post"}],"author":[{"embeddable":true,"href":"https:\/\/www.aklink.de\/wpak\/wp-json\/wp\/v2\/users\/1"}],"replies":[{"embeddable":true,"href":"https:\/\/www.aklink.de\/wpak\/wp-json\/wp\/v2\/comments?post=1777"}],"version-history":[{"count":4,"href":"https:\/\/www.aklink.de\/wpak\/wp-json\/wp\/v2\/posts\/1777\/revisions"}],"predecessor-version":[{"id":1781,"href":"https:\/\/www.aklink.de\/wpak\/wp-json\/wp\/v2\/posts\/1777\/revisions\/1781"}],"wp:attachment":[{"href":"https:\/\/www.aklink.de\/wpak\/wp-json\/wp\/v2\/media?parent=1777"}],"wp:term":[{"taxonomy":"category","embeddable":true,"href":"https:\/\/www.aklink.de\/wpak\/wp-json\/wp\/v2\/categories?post=1777"},{"taxonomy":"post_tag","embeddable":true,"href":"https:\/\/www.aklink.de\/wpak\/wp-json\/wp\/v2\/tags?post=1777"}],"curies":[{"name":"wp","href":"https:\/\/api.w.org\/{rel}","templated":true}]}}