{"id":1813,"date":"2015-08-02T19:57:57","date_gmt":"2015-08-02T17:57:57","guid":{"rendered":"http:\/\/www.aklink.de\/wpak\/?p=1813"},"modified":"2015-08-02T19:59:21","modified_gmt":"2015-08-02T17:59:21","slug":"systhema-heft-2-2015-ist-erschienen","status":"publish","type":"post","link":"https:\/\/www.aklink.de\/wpak\/archive\/1813\/systhema-heft-2-2015-ist-erschienen\/","title":{"rendered":"Systhema Heft 2-2015 ist erschienen"},"content":{"rendered":"<p><img loading=\"lazy\" decoding=\"async\" class=\"alignleft wp-image-1814 size-medium\" src=\"http:\/\/www.aklink.de\/wpak\/wp-content\/uploads\/2015\/08\/systhema2-15-231x300.jpg\" alt=\"systhema2-15\" width=\"231\" height=\"300\" \/><\/p>\n<p>&nbsp;<\/p>\n<p>&nbsp;<\/p>\n<p>Mit dem Erscheinen der zweiten Systhema 2015 ver\u00e4ndert sich auch die Aboverwaltung der Systhema. Zust\u00e4ndig f\u00fcr den Abonnentenservice ist nun das Designb\u00fcro Sch\u00f6nfelder in Essen &#8211; per eMail erreichbar unter systhema@design-buero.de.<\/p>\n<p>Mitglieder\/innen des Mitgliedervereins erhalten die Systhema weiterhin kostenlos.<\/p>\n<p>Ein Jahresabo der Systhema kann <a href=\"http:\/\/if-weinheim.de\/if-weinheim\/systhema\/systhema-abo.html#c1065\" target=\"_blank\">hier <\/a>bestellt werden.<\/p>\n","protected":false},"excerpt":{"rendered":"<p>&nbsp; &nbsp; Mit dem Erscheinen der zweiten Systhema 2015 ver\u00e4ndert sich auch die Aboverwaltung der Systhema. Zust\u00e4ndig f\u00fcr den Abonnentenservice ist nun das Designb\u00fcro Sch\u00f6nfelder in Essen &#8211; per eMail erreichbar unter systhema@design-buero.de. Mitglieder\/innen des Mitgliedervereins erhalten die Systhema weiterhin kostenlos. Ein Jahresabo der Systhema kann hier bestellt werden.<\/p>\n","protected":false},"author":1,"featured_media":0,"comment_status":"closed","ping_status":"open","sticky":false,"template":"","format":"standard","meta":{"footnotes":""},"categories":[5],"tags":[],"class_list":["post-1813","post","type-post","status-publish","format-standard","hentry","category-aktuelles"],"yoast_head":"<!-- This site is optimized with the Yoast SEO plugin v26.4 - https:\/\/yoast.com\/wordpress\/plugins\/seo\/ -->\n<title>Systhema Heft 2-2015 ist erschienen | Andreas Klink<\/title>\n<meta name=\"robots\" content=\"noindex, follow\" \/>\n<meta property=\"og:locale\" content=\"de_DE\" \/>\n<meta property=\"og:type\" content=\"article\" \/>\n<meta property=\"og:title\" content=\"Systhema Heft 2-2015 ist erschienen | Andreas Klink\" \/>\n<meta property=\"og:description\" content=\"&nbsp; &nbsp; Mit dem Erscheinen der zweiten Systhema 2015 ver\u00e4ndert sich auch die Aboverwaltung der Systhema. Zust\u00e4ndig f\u00fcr den Abonnentenservice ist nun das Designb\u00fcro Sch\u00f6nfelder in Essen &#8211; per eMail erreichbar unter systhema@design-buero.de. Mitglieder\/innen des Mitgliedervereins erhalten die Systhema weiterhin kostenlos. Ein Jahresabo der Systhema kann hier bestellt werden.\" \/>\n<meta property=\"og:url\" content=\"https:\/\/www.aklink.de\/wpak\/archive\/1813\/systhema-heft-2-2015-ist-erschienen\/\" \/>\n<meta property=\"og:site_name\" content=\"Andreas Klink\" \/>\n<meta property=\"article:published_time\" content=\"2015-08-02T17:57:57+00:00\" \/>\n<meta property=\"article:modified_time\" content=\"2015-08-02T17:59:21+00:00\" \/>\n<meta property=\"og:image\" content=\"http:\/\/www.aklink.de\/wpak\/wp-content\/uploads\/2015\/08\/systhema2-15-231x300.jpg\" \/>\n<meta name=\"author\" content=\"ak\" \/>\n<meta name=\"twitter:card\" content=\"summary_large_image\" \/>\n<meta name=\"twitter:label1\" content=\"Verfasst von\" \/>\n\t<meta name=\"twitter:data1\" content=\"ak\" \/>\n<script type=\"application\/ld+json\" class=\"yoast-schema-graph\">{\"@context\":\"https:\/\/schema.org\",\"@graph\":[{\"@type\":\"Article\",\"@id\":\"https:\/\/www.aklink.de\/wpak\/archive\/1813\/systhema-heft-2-2015-ist-erschienen\/#article\",\"isPartOf\":{\"@id\":\"https:\/\/www.aklink.de\/wpak\/archive\/1813\/systhema-heft-2-2015-ist-erschienen\/\"},\"author\":{\"name\":\"ak\",\"@id\":\"https:\/\/www.aklink.de\/wpak\/#\/schema\/person\/56e12f2c209b4947bd310bde790c9815\"},\"headline\":\"Systhema Heft 2-2015 ist erschienen\",\"datePublished\":\"2015-08-02T17:57:57+00:00\",\"dateModified\":\"2015-08-02T17:59:21+00:00\",\"mainEntityOfPage\":{\"@id\":\"https:\/\/www.aklink.de\/wpak\/archive\/1813\/systhema-heft-2-2015-ist-erschienen\/\"},\"wordCount\":61,\"publisher\":{\"@id\":\"https:\/\/www.aklink.de\/wpak\/#\/schema\/person\/56e12f2c209b4947bd310bde790c9815\"},\"image\":{\"@id\":\"https:\/\/www.aklink.de\/wpak\/archive\/1813\/systhema-heft-2-2015-ist-erschienen\/#primaryimage\"},\"thumbnailUrl\":\"http:\/\/www.aklink.de\/wpak\/wp-content\/uploads\/2015\/08\/systhema2-15-231x300.jpg\",\"articleSection\":[\"Aktuelles\"],\"inLanguage\":\"de\"},{\"@type\":\"WebPage\",\"@id\":\"https:\/\/www.aklink.de\/wpak\/archive\/1813\/systhema-heft-2-2015-ist-erschienen\/\",\"url\":\"https:\/\/www.aklink.de\/wpak\/archive\/1813\/systhema-heft-2-2015-ist-erschienen\/\",\"name\":\"Systhema Heft 2-2015 ist erschienen | Andreas Klink\",\"isPartOf\":{\"@id\":\"https:\/\/www.aklink.de\/wpak\/#website\"},\"primaryImageOfPage\":{\"@id\":\"https:\/\/www.aklink.de\/wpak\/archive\/1813\/systhema-heft-2-2015-ist-erschienen\/#primaryimage\"},\"image\":{\"@id\":\"https:\/\/www.aklink.de\/wpak\/archive\/1813\/systhema-heft-2-2015-ist-erschienen\/#primaryimage\"},\"thumbnailUrl\":\"http:\/\/www.aklink.de\/wpak\/wp-content\/uploads\/2015\/08\/systhema2-15-231x300.jpg\",\"datePublished\":\"2015-08-02T17:57:57+00:00\",\"dateModified\":\"2015-08-02T17:59:21+00:00\",\"breadcrumb\":{\"@id\":\"https:\/\/www.aklink.de\/wpak\/archive\/1813\/systhema-heft-2-2015-ist-erschienen\/#breadcrumb\"},\"inLanguage\":\"de\",\"potentialAction\":[{\"@type\":\"ReadAction\",\"target\":[\"https:\/\/www.aklink.de\/wpak\/archive\/1813\/systhema-heft-2-2015-ist-erschienen\/\"]}]},{\"@type\":\"ImageObject\",\"inLanguage\":\"de\",\"@id\":\"https:\/\/www.aklink.de\/wpak\/archive\/1813\/systhema-heft-2-2015-ist-erschienen\/#primaryimage\",\"url\":\"http:\/\/www.aklink.de\/wpak\/wp-content\/uploads\/2015\/08\/systhema2-15-231x300.jpg\",\"contentUrl\":\"http:\/\/www.aklink.de\/wpak\/wp-content\/uploads\/2015\/08\/systhema2-15-231x300.jpg\"},{\"@type\":\"BreadcrumbList\",\"@id\":\"https:\/\/www.aklink.de\/wpak\/archive\/1813\/systhema-heft-2-2015-ist-erschienen\/#breadcrumb\",\"itemListElement\":[{\"@type\":\"ListItem\",\"position\":1,\"name\":\"Startseite\",\"item\":\"https:\/\/www.aklink.de\/wpak\/\"},{\"@type\":\"ListItem\",\"position\":2,\"name\":\"Systhema Heft 2-2015 ist erschienen\"}]},{\"@type\":\"WebSite\",\"@id\":\"https:\/\/www.aklink.de\/wpak\/#website\",\"url\":\"https:\/\/www.aklink.de\/wpak\/\",\"name\":\"Andreas Klink\",\"description\":\"\",\"publisher\":{\"@id\":\"https:\/\/www.aklink.de\/wpak\/#\/schema\/person\/56e12f2c209b4947bd310bde790c9815\"},\"potentialAction\":[{\"@type\":\"SearchAction\",\"target\":{\"@type\":\"EntryPoint\",\"urlTemplate\":\"https:\/\/www.aklink.de\/wpak\/?s={search_term_string}\"},\"query-input\":{\"@type\":\"PropertyValueSpecification\",\"valueRequired\":true,\"valueName\":\"search_term_string\"}}],\"inLanguage\":\"de\"},{\"@type\":[\"Person\",\"Organization\"],\"@id\":\"https:\/\/www.aklink.de\/wpak\/#\/schema\/person\/56e12f2c209b4947bd310bde790c9815\",\"name\":\"ak\",\"logo\":{\"@id\":\"https:\/\/www.aklink.de\/wpak\/#\/schema\/person\/image\/\"},\"sameAs\":[\"http:\/\/www.aklink.de\"]}]}<\/script>\n<!-- \/ Yoast SEO plugin. -->","yoast_head_json":{"title":"Systhema Heft 2-2015 ist erschienen | Andreas Klink","robots":{"index":"noindex","follow":"follow"},"og_locale":"de_DE","og_type":"article","og_title":"Systhema Heft 2-2015 ist erschienen | Andreas Klink","og_description":"&nbsp; &nbsp; Mit dem Erscheinen der zweiten Systhema 2015 ver\u00e4ndert sich auch die Aboverwaltung der Systhema. Zust\u00e4ndig f\u00fcr den Abonnentenservice ist nun das Designb\u00fcro Sch\u00f6nfelder in Essen &#8211; per eMail erreichbar unter systhema@design-buero.de. Mitglieder\/innen des Mitgliedervereins erhalten die Systhema weiterhin kostenlos. Ein Jahresabo der Systhema kann hier bestellt werden.","og_url":"https:\/\/www.aklink.de\/wpak\/archive\/1813\/systhema-heft-2-2015-ist-erschienen\/","og_site_name":"Andreas Klink","article_published_time":"2015-08-02T17:57:57+00:00","article_modified_time":"2015-08-02T17:59:21+00:00","og_image":[{"url":"http:\/\/www.aklink.de\/wpak\/wp-content\/uploads\/2015\/08\/systhema2-15-231x300.jpg","type":"","width":"","height":""}],"author":"ak","twitter_card":"summary_large_image","twitter_misc":{"Verfasst von":"ak"},"schema":{"@context":"https:\/\/schema.org","@graph":[{"@type":"Article","@id":"https:\/\/www.aklink.de\/wpak\/archive\/1813\/systhema-heft-2-2015-ist-erschienen\/#article","isPartOf":{"@id":"https:\/\/www.aklink.de\/wpak\/archive\/1813\/systhema-heft-2-2015-ist-erschienen\/"},"author":{"name":"ak","@id":"https:\/\/www.aklink.de\/wpak\/#\/schema\/person\/56e12f2c209b4947bd310bde790c9815"},"headline":"Systhema Heft 2-2015 ist erschienen","datePublished":"2015-08-02T17:57:57+00:00","dateModified":"2015-08-02T17:59:21+00:00","mainEntityOfPage":{"@id":"https:\/\/www.aklink.de\/wpak\/archive\/1813\/systhema-heft-2-2015-ist-erschienen\/"},"wordCount":61,"publisher":{"@id":"https:\/\/www.aklink.de\/wpak\/#\/schema\/person\/56e12f2c209b4947bd310bde790c9815"},"image":{"@id":"https:\/\/www.aklink.de\/wpak\/archive\/1813\/systhema-heft-2-2015-ist-erschienen\/#primaryimage"},"thumbnailUrl":"http:\/\/www.aklink.de\/wpak\/wp-content\/uploads\/2015\/08\/systhema2-15-231x300.jpg","articleSection":["Aktuelles"],"inLanguage":"de"},{"@type":"WebPage","@id":"https:\/\/www.aklink.de\/wpak\/archive\/1813\/systhema-heft-2-2015-ist-erschienen\/","url":"https:\/\/www.aklink.de\/wpak\/archive\/1813\/systhema-heft-2-2015-ist-erschienen\/","name":"Systhema Heft 2-2015 ist erschienen | Andreas Klink","isPartOf":{"@id":"https:\/\/www.aklink.de\/wpak\/#website"},"primaryImageOfPage":{"@id":"https:\/\/www.aklink.de\/wpak\/archive\/1813\/systhema-heft-2-2015-ist-erschienen\/#primaryimage"},"image":{"@id":"https:\/\/www.aklink.de\/wpak\/archive\/1813\/systhema-heft-2-2015-ist-erschienen\/#primaryimage"},"thumbnailUrl":"http:\/\/www.aklink.de\/wpak\/wp-content\/uploads\/2015\/08\/systhema2-15-231x300.jpg","datePublished":"2015-08-02T17:57:57+00:00","dateModified":"2015-08-02T17:59:21+00:00","breadcrumb":{"@id":"https:\/\/www.aklink.de\/wpak\/archive\/1813\/systhema-heft-2-2015-ist-erschienen\/#breadcrumb"},"inLanguage":"de","potentialAction":[{"@type":"ReadAction","target":["https:\/\/www.aklink.de\/wpak\/archive\/1813\/systhema-heft-2-2015-ist-erschienen\/"]}]},{"@type":"ImageObject","inLanguage":"de","@id":"https:\/\/www.aklink.de\/wpak\/archive\/1813\/systhema-heft-2-2015-ist-erschienen\/#primaryimage","url":"http:\/\/www.aklink.de\/wpak\/wp-content\/uploads\/2015\/08\/systhema2-15-231x300.jpg","contentUrl":"http:\/\/www.aklink.de\/wpak\/wp-content\/uploads\/2015\/08\/systhema2-15-231x300.jpg"},{"@type":"BreadcrumbList","@id":"https:\/\/www.aklink.de\/wpak\/archive\/1813\/systhema-heft-2-2015-ist-erschienen\/#breadcrumb","itemListElement":[{"@type":"ListItem","position":1,"name":"Startseite","item":"https:\/\/www.aklink.de\/wpak\/"},{"@type":"ListItem","position":2,"name":"Systhema Heft 2-2015 ist erschienen"}]},{"@type":"WebSite","@id":"https:\/\/www.aklink.de\/wpak\/#website","url":"https:\/\/www.aklink.de\/wpak\/","name":"Andreas Klink","description":"","publisher":{"@id":"https:\/\/www.aklink.de\/wpak\/#\/schema\/person\/56e12f2c209b4947bd310bde790c9815"},"potentialAction":[{"@type":"SearchAction","target":{"@type":"EntryPoint","urlTemplate":"https:\/\/www.aklink.de\/wpak\/?s={search_term_string}"},"query-input":{"@type":"PropertyValueSpecification","valueRequired":true,"valueName":"search_term_string"}}],"inLanguage":"de"},{"@type":["Person","Organization"],"@id":"https:\/\/www.aklink.de\/wpak\/#\/schema\/person\/56e12f2c209b4947bd310bde790c9815","name":"ak","logo":{"@id":"https:\/\/www.aklink.de\/wpak\/#\/schema\/person\/image\/"},"sameAs":["http:\/\/www.aklink.de"]}]}},"_links":{"self":[{"href":"https:\/\/www.aklink.de\/wpak\/wp-json\/wp\/v2\/posts\/1813","targetHints":{"allow":["GET"]}}],"collection":[{"href":"https:\/\/www.aklink.de\/wpak\/wp-json\/wp\/v2\/posts"}],"about":[{"href":"https:\/\/www.aklink.de\/wpak\/wp-json\/wp\/v2\/types\/post"}],"author":[{"embeddable":true,"href":"https:\/\/www.aklink.de\/wpak\/wp-json\/wp\/v2\/users\/1"}],"replies":[{"embeddable":true,"href":"https:\/\/www.aklink.de\/wpak\/wp-json\/wp\/v2\/comments?post=1813"}],"version-history":[{"count":3,"href":"https:\/\/www.aklink.de\/wpak\/wp-json\/wp\/v2\/posts\/1813\/revisions"}],"predecessor-version":[{"id":1817,"href":"https:\/\/www.aklink.de\/wpak\/wp-json\/wp\/v2\/posts\/1813\/revisions\/1817"}],"wp:attachment":[{"href":"https:\/\/www.aklink.de\/wpak\/wp-json\/wp\/v2\/media?parent=1813"}],"wp:term":[{"taxonomy":"category","embeddable":true,"href":"https:\/\/www.aklink.de\/wpak\/wp-json\/wp\/v2\/categories?post=1813"},{"taxonomy":"post_tag","embeddable":true,"href":"https:\/\/www.aklink.de\/wpak\/wp-json\/wp\/v2\/tags?post=1813"}],"curies":[{"name":"wp","href":"https:\/\/api.w.org\/{rel}","templated":true}]}}