{"id":1935,"date":"2016-11-18T02:08:11","date_gmt":"2016-11-18T01:08:11","guid":{"rendered":"http:\/\/www.aklink.de\/wpak\/?p=1935"},"modified":"2018-01-03T18:24:14","modified_gmt":"2018-01-03T17:24:14","slug":"systhema-heft-3-16-ist-erschienen","status":"publish","type":"post","link":"https:\/\/www.aklink.de\/wpak\/archive\/1935\/systhema-heft-3-16-ist-erschienen\/","title":{"rendered":"Systhema Heft 3-16 ist erschienen"},"content":{"rendered":"<p><a href=\"http:\/\/www.aklink.de\/wpak\/wp-content\/uploads\/2016\/11\/systhema3-16.jpg\"><img loading=\"lazy\" decoding=\"async\" class=\"size-medium wp-image-1933 alignleft\" src=\"http:\/\/www.aklink.de\/wpak\/wp-content\/uploads\/2016\/11\/systhema3-16-211x300.jpg\" alt=\"systhema3-16\" width=\"211\" height=\"300\" srcset=\"https:\/\/www.aklink.de\/wpak\/wp-content\/uploads\/2016\/11\/systhema3-16-211x300.jpg 211w, https:\/\/www.aklink.de\/wpak\/wp-content\/uploads\/2016\/11\/systhema3-16.jpg 640w\" sizes=\"auto, (max-width: 211px) 100vw, 211px\" \/><\/a>Die neue Systhema ist erschienen und wird in den n\u00e4chsten Tagen per Post verschickt. Als Sonderheft besch\u00e4ftigt sich diese Ausgabe mit Chancen, Resilienzen und der Integration von gefl\u00fcchteten Menschen. Weitere Informationen und Bestellm\u00f6glichkeiten unter: <a href=\"https:\/\/if-weinheim.de\/systhema\/systhema.html\" target=\"_blank\" rel=\"nofollow noopener\">https:\/\/if-weinheim.de\/systhema\/systhema.html<\/a>.<\/p>\n<p>Eine \u00dcbersicht zu den Inhalten gibt es <a href=\"http:\/\/www.aklink.de\/wpak\/wp-content\/uploads\/2016\/11\/Systhema-3_2016-Inhalt.pdf\">hier<\/a>.<\/p>\n<p>Zust\u00e4ndig f\u00fcr den Abonnentenservice ist weiterhin das Designb\u00fcro Sch\u00f6nfelder in Essen &#8211; per eMail erreichbar unter systhema@design-buero.de.<\/p>\n<p>Ein Jahresabo der Systhema kann <a href=\"https:\/\/if-weinheim.de\/systhema\/systhema-abo.html#c1065\" target=\"_blank\" rel=\"noopener\">hier <\/a>bestellt werden.<\/p>\n","protected":false},"excerpt":{"rendered":"<p>Die neue Systhema ist erschienen und wird in den n\u00e4chsten Tagen per Post verschickt. Als Sonderheft besch\u00e4ftigt sich diese Ausgabe mit Chancen, Resilienzen und der Integration von gefl\u00fcchteten Menschen. Weitere Informationen und Bestellm\u00f6glichkeiten unter: https:\/\/if-weinheim.de\/systhema\/systhema.html. Eine \u00dcbersicht zu den Inhalten gibt es hier. Zust\u00e4ndig f\u00fcr den Abonnentenservice ist weiterhin das Designb\u00fcro Sch\u00f6nfelder in Essen &#8211; per eMail erreichbar unter systhema@design-buero.de.<\/p>\n","protected":false},"author":1,"featured_media":0,"comment_status":"closed","ping_status":"open","sticky":false,"template":"","format":"standard","meta":{"footnotes":""},"categories":[1],"tags":[],"class_list":["post-1935","post","type-post","status-publish","format-standard","hentry","category-allgemein"],"yoast_head":"<!-- This site is optimized with the Yoast SEO plugin v26.4 - https:\/\/yoast.com\/wordpress\/plugins\/seo\/ -->\n<title>Systhema Heft 3-16 ist erschienen | Andreas Klink<\/title>\n<meta name=\"robots\" content=\"noindex, follow\" \/>\n<meta property=\"og:locale\" content=\"de_DE\" \/>\n<meta property=\"og:type\" content=\"article\" \/>\n<meta property=\"og:title\" content=\"Systhema Heft 3-16 ist erschienen | Andreas Klink\" \/>\n<meta property=\"og:description\" content=\"Die neue Systhema ist erschienen und wird in den n\u00e4chsten Tagen per Post verschickt. Als Sonderheft besch\u00e4ftigt sich diese Ausgabe mit Chancen, Resilienzen und der Integration von gefl\u00fcchteten Menschen. Weitere Informationen und Bestellm\u00f6glichkeiten unter: https:\/\/if-weinheim.de\/systhema\/systhema.html. Eine \u00dcbersicht zu den Inhalten gibt es hier. Zust\u00e4ndig f\u00fcr den Abonnentenservice ist weiterhin das Designb\u00fcro Sch\u00f6nfelder in Essen &#8211; per eMail erreichbar unter systhema@design-buero.de.\" \/>\n<meta property=\"og:url\" content=\"https:\/\/www.aklink.de\/wpak\/archive\/1935\/systhema-heft-3-16-ist-erschienen\/\" \/>\n<meta property=\"og:site_name\" content=\"Andreas Klink\" \/>\n<meta property=\"article:published_time\" content=\"2016-11-18T01:08:11+00:00\" \/>\n<meta property=\"article:modified_time\" content=\"2018-01-03T17:24:14+00:00\" \/>\n<meta property=\"og:image\" content=\"http:\/\/www.aklink.de\/wpak\/wp-content\/uploads\/2016\/11\/systhema3-16-211x300.jpg\" \/>\n<meta name=\"author\" content=\"ak\" \/>\n<meta name=\"twitter:card\" content=\"summary_large_image\" \/>\n<meta name=\"twitter:label1\" content=\"Verfasst von\" \/>\n\t<meta name=\"twitter:data1\" content=\"ak\" \/>\n<script type=\"application\/ld+json\" class=\"yoast-schema-graph\">{\"@context\":\"https:\/\/schema.org\",\"@graph\":[{\"@type\":\"Article\",\"@id\":\"https:\/\/www.aklink.de\/wpak\/archive\/1935\/systhema-heft-3-16-ist-erschienen\/#article\",\"isPartOf\":{\"@id\":\"https:\/\/www.aklink.de\/wpak\/archive\/1935\/systhema-heft-3-16-ist-erschienen\/\"},\"author\":{\"name\":\"ak\",\"@id\":\"https:\/\/www.aklink.de\/wpak\/#\/schema\/person\/56e12f2c209b4947bd310bde790c9815\"},\"headline\":\"Systhema Heft 3-16 ist erschienen\",\"datePublished\":\"2016-11-18T01:08:11+00:00\",\"dateModified\":\"2018-01-03T17:24:14+00:00\",\"mainEntityOfPage\":{\"@id\":\"https:\/\/www.aklink.de\/wpak\/archive\/1935\/systhema-heft-3-16-ist-erschienen\/\"},\"wordCount\":88,\"publisher\":{\"@id\":\"https:\/\/www.aklink.de\/wpak\/#\/schema\/person\/56e12f2c209b4947bd310bde790c9815\"},\"image\":{\"@id\":\"https:\/\/www.aklink.de\/wpak\/archive\/1935\/systhema-heft-3-16-ist-erschienen\/#primaryimage\"},\"thumbnailUrl\":\"http:\/\/www.aklink.de\/wpak\/wp-content\/uploads\/2016\/11\/systhema3-16-211x300.jpg\",\"inLanguage\":\"de\"},{\"@type\":\"WebPage\",\"@id\":\"https:\/\/www.aklink.de\/wpak\/archive\/1935\/systhema-heft-3-16-ist-erschienen\/\",\"url\":\"https:\/\/www.aklink.de\/wpak\/archive\/1935\/systhema-heft-3-16-ist-erschienen\/\",\"name\":\"Systhema Heft 3-16 ist erschienen | Andreas Klink\",\"isPartOf\":{\"@id\":\"https:\/\/www.aklink.de\/wpak\/#website\"},\"primaryImageOfPage\":{\"@id\":\"https:\/\/www.aklink.de\/wpak\/archive\/1935\/systhema-heft-3-16-ist-erschienen\/#primaryimage\"},\"image\":{\"@id\":\"https:\/\/www.aklink.de\/wpak\/archive\/1935\/systhema-heft-3-16-ist-erschienen\/#primaryimage\"},\"thumbnailUrl\":\"http:\/\/www.aklink.de\/wpak\/wp-content\/uploads\/2016\/11\/systhema3-16-211x300.jpg\",\"datePublished\":\"2016-11-18T01:08:11+00:00\",\"dateModified\":\"2018-01-03T17:24:14+00:00\",\"breadcrumb\":{\"@id\":\"https:\/\/www.aklink.de\/wpak\/archive\/1935\/systhema-heft-3-16-ist-erschienen\/#breadcrumb\"},\"inLanguage\":\"de\",\"potentialAction\":[{\"@type\":\"ReadAction\",\"target\":[\"https:\/\/www.aklink.de\/wpak\/archive\/1935\/systhema-heft-3-16-ist-erschienen\/\"]}]},{\"@type\":\"ImageObject\",\"inLanguage\":\"de\",\"@id\":\"https:\/\/www.aklink.de\/wpak\/archive\/1935\/systhema-heft-3-16-ist-erschienen\/#primaryimage\",\"url\":\"https:\/\/www.aklink.de\/wpak\/wp-content\/uploads\/2016\/11\/systhema3-16.jpg\",\"contentUrl\":\"https:\/\/www.aklink.de\/wpak\/wp-content\/uploads\/2016\/11\/systhema3-16.jpg\",\"width\":640,\"height\":909},{\"@type\":\"BreadcrumbList\",\"@id\":\"https:\/\/www.aklink.de\/wpak\/archive\/1935\/systhema-heft-3-16-ist-erschienen\/#breadcrumb\",\"itemListElement\":[{\"@type\":\"ListItem\",\"position\":1,\"name\":\"Startseite\",\"item\":\"https:\/\/www.aklink.de\/wpak\/\"},{\"@type\":\"ListItem\",\"position\":2,\"name\":\"Systhema Heft 3-16 ist erschienen\"}]},{\"@type\":\"WebSite\",\"@id\":\"https:\/\/www.aklink.de\/wpak\/#website\",\"url\":\"https:\/\/www.aklink.de\/wpak\/\",\"name\":\"Andreas Klink\",\"description\":\"\",\"publisher\":{\"@id\":\"https:\/\/www.aklink.de\/wpak\/#\/schema\/person\/56e12f2c209b4947bd310bde790c9815\"},\"potentialAction\":[{\"@type\":\"SearchAction\",\"target\":{\"@type\":\"EntryPoint\",\"urlTemplate\":\"https:\/\/www.aklink.de\/wpak\/?s={search_term_string}\"},\"query-input\":{\"@type\":\"PropertyValueSpecification\",\"valueRequired\":true,\"valueName\":\"search_term_string\"}}],\"inLanguage\":\"de\"},{\"@type\":[\"Person\",\"Organization\"],\"@id\":\"https:\/\/www.aklink.de\/wpak\/#\/schema\/person\/56e12f2c209b4947bd310bde790c9815\",\"name\":\"ak\",\"logo\":{\"@id\":\"https:\/\/www.aklink.de\/wpak\/#\/schema\/person\/image\/\"},\"sameAs\":[\"http:\/\/www.aklink.de\"]}]}<\/script>\n<!-- \/ Yoast SEO plugin. -->","yoast_head_json":{"title":"Systhema Heft 3-16 ist erschienen | Andreas Klink","robots":{"index":"noindex","follow":"follow"},"og_locale":"de_DE","og_type":"article","og_title":"Systhema Heft 3-16 ist erschienen | Andreas Klink","og_description":"Die neue Systhema ist erschienen und wird in den n\u00e4chsten Tagen per Post verschickt. Als Sonderheft besch\u00e4ftigt sich diese Ausgabe mit Chancen, Resilienzen und der Integration von gefl\u00fcchteten Menschen. Weitere Informationen und Bestellm\u00f6glichkeiten unter: https:\/\/if-weinheim.de\/systhema\/systhema.html. Eine \u00dcbersicht zu den Inhalten gibt es hier. Zust\u00e4ndig f\u00fcr den Abonnentenservice ist weiterhin das Designb\u00fcro Sch\u00f6nfelder in Essen &#8211; per eMail erreichbar unter systhema@design-buero.de.","og_url":"https:\/\/www.aklink.de\/wpak\/archive\/1935\/systhema-heft-3-16-ist-erschienen\/","og_site_name":"Andreas Klink","article_published_time":"2016-11-18T01:08:11+00:00","article_modified_time":"2018-01-03T17:24:14+00:00","og_image":[{"url":"http:\/\/www.aklink.de\/wpak\/wp-content\/uploads\/2016\/11\/systhema3-16-211x300.jpg","type":"","width":"","height":""}],"author":"ak","twitter_card":"summary_large_image","twitter_misc":{"Verfasst von":"ak"},"schema":{"@context":"https:\/\/schema.org","@graph":[{"@type":"Article","@id":"https:\/\/www.aklink.de\/wpak\/archive\/1935\/systhema-heft-3-16-ist-erschienen\/#article","isPartOf":{"@id":"https:\/\/www.aklink.de\/wpak\/archive\/1935\/systhema-heft-3-16-ist-erschienen\/"},"author":{"name":"ak","@id":"https:\/\/www.aklink.de\/wpak\/#\/schema\/person\/56e12f2c209b4947bd310bde790c9815"},"headline":"Systhema Heft 3-16 ist erschienen","datePublished":"2016-11-18T01:08:11+00:00","dateModified":"2018-01-03T17:24:14+00:00","mainEntityOfPage":{"@id":"https:\/\/www.aklink.de\/wpak\/archive\/1935\/systhema-heft-3-16-ist-erschienen\/"},"wordCount":88,"publisher":{"@id":"https:\/\/www.aklink.de\/wpak\/#\/schema\/person\/56e12f2c209b4947bd310bde790c9815"},"image":{"@id":"https:\/\/www.aklink.de\/wpak\/archive\/1935\/systhema-heft-3-16-ist-erschienen\/#primaryimage"},"thumbnailUrl":"http:\/\/www.aklink.de\/wpak\/wp-content\/uploads\/2016\/11\/systhema3-16-211x300.jpg","inLanguage":"de"},{"@type":"WebPage","@id":"https:\/\/www.aklink.de\/wpak\/archive\/1935\/systhema-heft-3-16-ist-erschienen\/","url":"https:\/\/www.aklink.de\/wpak\/archive\/1935\/systhema-heft-3-16-ist-erschienen\/","name":"Systhema Heft 3-16 ist erschienen | Andreas Klink","isPartOf":{"@id":"https:\/\/www.aklink.de\/wpak\/#website"},"primaryImageOfPage":{"@id":"https:\/\/www.aklink.de\/wpak\/archive\/1935\/systhema-heft-3-16-ist-erschienen\/#primaryimage"},"image":{"@id":"https:\/\/www.aklink.de\/wpak\/archive\/1935\/systhema-heft-3-16-ist-erschienen\/#primaryimage"},"thumbnailUrl":"http:\/\/www.aklink.de\/wpak\/wp-content\/uploads\/2016\/11\/systhema3-16-211x300.jpg","datePublished":"2016-11-18T01:08:11+00:00","dateModified":"2018-01-03T17:24:14+00:00","breadcrumb":{"@id":"https:\/\/www.aklink.de\/wpak\/archive\/1935\/systhema-heft-3-16-ist-erschienen\/#breadcrumb"},"inLanguage":"de","potentialAction":[{"@type":"ReadAction","target":["https:\/\/www.aklink.de\/wpak\/archive\/1935\/systhema-heft-3-16-ist-erschienen\/"]}]},{"@type":"ImageObject","inLanguage":"de","@id":"https:\/\/www.aklink.de\/wpak\/archive\/1935\/systhema-heft-3-16-ist-erschienen\/#primaryimage","url":"https:\/\/www.aklink.de\/wpak\/wp-content\/uploads\/2016\/11\/systhema3-16.jpg","contentUrl":"https:\/\/www.aklink.de\/wpak\/wp-content\/uploads\/2016\/11\/systhema3-16.jpg","width":640,"height":909},{"@type":"BreadcrumbList","@id":"https:\/\/www.aklink.de\/wpak\/archive\/1935\/systhema-heft-3-16-ist-erschienen\/#breadcrumb","itemListElement":[{"@type":"ListItem","position":1,"name":"Startseite","item":"https:\/\/www.aklink.de\/wpak\/"},{"@type":"ListItem","position":2,"name":"Systhema Heft 3-16 ist erschienen"}]},{"@type":"WebSite","@id":"https:\/\/www.aklink.de\/wpak\/#website","url":"https:\/\/www.aklink.de\/wpak\/","name":"Andreas Klink","description":"","publisher":{"@id":"https:\/\/www.aklink.de\/wpak\/#\/schema\/person\/56e12f2c209b4947bd310bde790c9815"},"potentialAction":[{"@type":"SearchAction","target":{"@type":"EntryPoint","urlTemplate":"https:\/\/www.aklink.de\/wpak\/?s={search_term_string}"},"query-input":{"@type":"PropertyValueSpecification","valueRequired":true,"valueName":"search_term_string"}}],"inLanguage":"de"},{"@type":["Person","Organization"],"@id":"https:\/\/www.aklink.de\/wpak\/#\/schema\/person\/56e12f2c209b4947bd310bde790c9815","name":"ak","logo":{"@id":"https:\/\/www.aklink.de\/wpak\/#\/schema\/person\/image\/"},"sameAs":["http:\/\/www.aklink.de"]}]}},"_links":{"self":[{"href":"https:\/\/www.aklink.de\/wpak\/wp-json\/wp\/v2\/posts\/1935","targetHints":{"allow":["GET"]}}],"collection":[{"href":"https:\/\/www.aklink.de\/wpak\/wp-json\/wp\/v2\/posts"}],"about":[{"href":"https:\/\/www.aklink.de\/wpak\/wp-json\/wp\/v2\/types\/post"}],"author":[{"embeddable":true,"href":"https:\/\/www.aklink.de\/wpak\/wp-json\/wp\/v2\/users\/1"}],"replies":[{"embeddable":true,"href":"https:\/\/www.aklink.de\/wpak\/wp-json\/wp\/v2\/comments?post=1935"}],"version-history":[{"count":7,"href":"https:\/\/www.aklink.de\/wpak\/wp-json\/wp\/v2\/posts\/1935\/revisions"}],"predecessor-version":[{"id":1983,"href":"https:\/\/www.aklink.de\/wpak\/wp-json\/wp\/v2\/posts\/1935\/revisions\/1983"}],"wp:attachment":[{"href":"https:\/\/www.aklink.de\/wpak\/wp-json\/wp\/v2\/media?parent=1935"}],"wp:term":[{"taxonomy":"category","embeddable":true,"href":"https:\/\/www.aklink.de\/wpak\/wp-json\/wp\/v2\/categories?post=1935"},{"taxonomy":"post_tag","embeddable":true,"href":"https:\/\/www.aklink.de\/wpak\/wp-json\/wp\/v2\/tags?post=1935"}],"curies":[{"name":"wp","href":"https:\/\/api.w.org\/{rel}","templated":true}]}}