{"id":2715,"date":"2023-06-19T22:59:35","date_gmt":"2023-06-19T20:59:35","guid":{"rendered":"http:\/\/www.aklink.de\/wpak\/?p=2715"},"modified":"2023-06-19T22:59:37","modified_gmt":"2023-06-19T20:59:37","slug":"systhema-heft-2-23-ist-erschienen","status":"publish","type":"post","link":"https:\/\/www.aklink.de\/wpak\/archive\/2715\/systhema-heft-2-23-ist-erschienen\/","title":{"rendered":"Systhema Heft 2-23 ist erschienen"},"content":{"rendered":"<div class=\"wp-block-image\">\n<figure class=\"alignleft size-medium is-resized\"><a href=\"http:\/\/www.aklink.de\/wpak\/wp-content\/uploads\/2023\/06\/systhema2-23.jpg\"><img loading=\"lazy\" decoding=\"async\" src=\"http:\/\/www.aklink.de\/wpak\/wp-content\/uploads\/2023\/06\/systhema2-23.jpg\" alt=\"\" class=\"wp-image-2542\" width=\"212\" height=\"300\"\/><\/a><\/figure><\/div>\n\n\n<p><\/p>\n\n\n\n<p id=\"block-06df70a5-aafb-4800-8244-16f92d8e2ce1\">Die neue Systhema geht in Druck und wird im Juli per Post verschickt. Das Heft hat den Themenschwerpunkt &#8222;Systemisches Arbeiten im Kontext Schule&#8220; &#8211; mit Karla Baudewig als Gast-Redakteurin. Weitere Informationen und Bestellm\u00f6glichkeiten unter: <a href=\"https:\/\/if-weinheim.de\/systhema\/systhema.html\" target=\"_blank\" rel=\"noreferrer noopener\">https:\/\/if-weinheim.de\/systhema\/systhema.html<\/a>.<\/p>\n\n\n\n<p>Inhalt und Vorwort dieser Ausgabe finden sich <a href=\"http:\/\/www.aklink.de\/wpak\/wp-content\/uploads\/2023\/06\/Systhema-2_2023_Inhalt.pdf\" target=\"_blank\" rel=\"noreferrer noopener\">hier<\/a>.<\/p>\n\n\n\n<p id=\"block-044d501b-2267-471b-8d34-6955ce619256\">Zust\u00e4ndig f\u00fcr den Abonnentenservice ist weiterhin das Designb\u00fcro Sch\u00f6nfelder in Essen \u2013 per eMail erreichbar unter systhema@design-buero.de.<\/p>\n\n\n\n<p id=\"block-e23fd8e2-3df7-49fa-96f0-b1c20951a2b9\">Ein Jahresabo der Systhema kann <a href=\"https:\/\/if-weinheim.de\/systhema\/systhema-abo.html#c1065\" target=\"_blank\" rel=\"noreferrer noopener\">hier <\/a>bestellt werden.<\/p>\n","protected":false},"excerpt":{"rendered":"<p>Die neue Systhema geht in Druck und wird im Juli per Post verschickt. Das Heft hat den Themenschwerpunkt &#8222;Systemisches Arbeiten im Kontext Schule&#8220; &#8211; mit Karla Baudewig als Gast-Redakteurin. Weitere Informationen und Bestellm\u00f6glichkeiten unter: https:\/\/if-weinheim.de\/systhema\/systhema.html. Inhalt und Vorwort dieser Ausgabe finden sich hier. Zust\u00e4ndig f\u00fcr den Abonnentenservice ist weiterhin das Designb\u00fcro Sch\u00f6nfelder in Essen \u2013 per eMail erreichbar unter systhema@design-buero.de.<\/p>\n","protected":false},"author":1,"featured_media":0,"comment_status":"closed","ping_status":"open","sticky":false,"template":"","format":"standard","meta":{"footnotes":""},"categories":[1],"tags":[],"class_list":["post-2715","post","type-post","status-publish","format-standard","hentry","category-allgemein"],"yoast_head":"<!-- This site is optimized with the Yoast SEO plugin v26.4 - https:\/\/yoast.com\/wordpress\/plugins\/seo\/ -->\n<title>Systhema Heft 2-23 ist erschienen | Andreas Klink<\/title>\n<meta name=\"robots\" content=\"noindex, follow\" \/>\n<meta property=\"og:locale\" content=\"de_DE\" \/>\n<meta property=\"og:type\" content=\"article\" \/>\n<meta property=\"og:title\" content=\"Systhema Heft 2-23 ist erschienen | Andreas Klink\" \/>\n<meta property=\"og:description\" content=\"Die neue Systhema geht in Druck und wird im Juli per Post verschickt. Das Heft hat den Themenschwerpunkt &#8222;Systemisches Arbeiten im Kontext Schule&#8220; &#8211; mit Karla Baudewig als Gast-Redakteurin. Weitere Informationen und Bestellm\u00f6glichkeiten unter: https:\/\/if-weinheim.de\/systhema\/systhema.html. Inhalt und Vorwort dieser Ausgabe finden sich hier. Zust\u00e4ndig f\u00fcr den Abonnentenservice ist weiterhin das Designb\u00fcro Sch\u00f6nfelder in Essen \u2013 per eMail erreichbar unter systhema@design-buero.de.\" \/>\n<meta property=\"og:url\" content=\"http:\/\/www.aklink.de\/wpak\/archive\/2715\/systhema-heft-2-23-ist-erschienen\/\" \/>\n<meta property=\"og:site_name\" content=\"Andreas Klink\" \/>\n<meta property=\"article:published_time\" content=\"2023-06-19T20:59:35+00:00\" \/>\n<meta property=\"article:modified_time\" content=\"2023-06-19T20:59:37+00:00\" \/>\n<meta property=\"og:image\" content=\"http:\/\/www.aklink.de\/wpak\/wp-content\/uploads\/2023\/06\/systhema2-23.jpg\" \/>\n<meta name=\"author\" content=\"ak\" \/>\n<meta name=\"twitter:card\" content=\"summary_large_image\" \/>\n<meta name=\"twitter:label1\" content=\"Verfasst von\" \/>\n\t<meta name=\"twitter:data1\" content=\"ak\" \/>\n\t<meta name=\"twitter:label2\" content=\"Gesch\u00e4tzte Lesezeit\" \/>\n\t<meta name=\"twitter:data2\" content=\"1\u00a0Minute\" \/>\n<script type=\"application\/ld+json\" class=\"yoast-schema-graph\">{\"@context\":\"https:\/\/schema.org\",\"@graph\":[{\"@type\":\"Article\",\"@id\":\"http:\/\/www.aklink.de\/wpak\/archive\/2715\/systhema-heft-2-23-ist-erschienen\/#article\",\"isPartOf\":{\"@id\":\"http:\/\/www.aklink.de\/wpak\/archive\/2715\/systhema-heft-2-23-ist-erschienen\/\"},\"author\":{\"name\":\"ak\",\"@id\":\"http:\/\/www.aklink.de\/wpak\/#\/schema\/person\/56e12f2c209b4947bd310bde790c9815\"},\"headline\":\"Systhema Heft 2-23 ist erschienen\",\"datePublished\":\"2023-06-19T20:59:35+00:00\",\"dateModified\":\"2023-06-19T20:59:37+00:00\",\"mainEntityOfPage\":{\"@id\":\"http:\/\/www.aklink.de\/wpak\/archive\/2715\/systhema-heft-2-23-ist-erschienen\/\"},\"wordCount\":84,\"publisher\":{\"@id\":\"http:\/\/www.aklink.de\/wpak\/#\/schema\/person\/56e12f2c209b4947bd310bde790c9815\"},\"image\":{\"@id\":\"http:\/\/www.aklink.de\/wpak\/archive\/2715\/systhema-heft-2-23-ist-erschienen\/#primaryimage\"},\"thumbnailUrl\":\"http:\/\/www.aklink.de\/wpak\/wp-content\/uploads\/2023\/06\/systhema2-23.jpg\",\"inLanguage\":\"de\"},{\"@type\":\"WebPage\",\"@id\":\"http:\/\/www.aklink.de\/wpak\/archive\/2715\/systhema-heft-2-23-ist-erschienen\/\",\"url\":\"http:\/\/www.aklink.de\/wpak\/archive\/2715\/systhema-heft-2-23-ist-erschienen\/\",\"name\":\"Systhema Heft 2-23 ist erschienen | Andreas Klink\",\"isPartOf\":{\"@id\":\"http:\/\/www.aklink.de\/wpak\/#website\"},\"primaryImageOfPage\":{\"@id\":\"http:\/\/www.aklink.de\/wpak\/archive\/2715\/systhema-heft-2-23-ist-erschienen\/#primaryimage\"},\"image\":{\"@id\":\"http:\/\/www.aklink.de\/wpak\/archive\/2715\/systhema-heft-2-23-ist-erschienen\/#primaryimage\"},\"thumbnailUrl\":\"http:\/\/www.aklink.de\/wpak\/wp-content\/uploads\/2023\/06\/systhema2-23.jpg\",\"datePublished\":\"2023-06-19T20:59:35+00:00\",\"dateModified\":\"2023-06-19T20:59:37+00:00\",\"breadcrumb\":{\"@id\":\"http:\/\/www.aklink.de\/wpak\/archive\/2715\/systhema-heft-2-23-ist-erschienen\/#breadcrumb\"},\"inLanguage\":\"de\",\"potentialAction\":[{\"@type\":\"ReadAction\",\"target\":[\"http:\/\/www.aklink.de\/wpak\/archive\/2715\/systhema-heft-2-23-ist-erschienen\/\"]}]},{\"@type\":\"ImageObject\",\"inLanguage\":\"de\",\"@id\":\"http:\/\/www.aklink.de\/wpak\/archive\/2715\/systhema-heft-2-23-ist-erschienen\/#primaryimage\",\"url\":\"http:\/\/www.aklink.de\/wpak\/wp-content\/uploads\/2023\/06\/systhema2-23.jpg\",\"contentUrl\":\"http:\/\/www.aklink.de\/wpak\/wp-content\/uploads\/2023\/06\/systhema2-23.jpg\"},{\"@type\":\"BreadcrumbList\",\"@id\":\"http:\/\/www.aklink.de\/wpak\/archive\/2715\/systhema-heft-2-23-ist-erschienen\/#breadcrumb\",\"itemListElement\":[{\"@type\":\"ListItem\",\"position\":1,\"name\":\"Startseite\",\"item\":\"http:\/\/www.aklink.de\/wpak\/\"},{\"@type\":\"ListItem\",\"position\":2,\"name\":\"Systhema Heft 2-23 ist erschienen\"}]},{\"@type\":\"WebSite\",\"@id\":\"http:\/\/www.aklink.de\/wpak\/#website\",\"url\":\"http:\/\/www.aklink.de\/wpak\/\",\"name\":\"Andreas Klink\",\"description\":\"\",\"publisher\":{\"@id\":\"http:\/\/www.aklink.de\/wpak\/#\/schema\/person\/56e12f2c209b4947bd310bde790c9815\"},\"potentialAction\":[{\"@type\":\"SearchAction\",\"target\":{\"@type\":\"EntryPoint\",\"urlTemplate\":\"http:\/\/www.aklink.de\/wpak\/?s={search_term_string}\"},\"query-input\":{\"@type\":\"PropertyValueSpecification\",\"valueRequired\":true,\"valueName\":\"search_term_string\"}}],\"inLanguage\":\"de\"},{\"@type\":[\"Person\",\"Organization\"],\"@id\":\"http:\/\/www.aklink.de\/wpak\/#\/schema\/person\/56e12f2c209b4947bd310bde790c9815\",\"name\":\"ak\",\"logo\":{\"@id\":\"http:\/\/www.aklink.de\/wpak\/#\/schema\/person\/image\/\"},\"sameAs\":[\"http:\/\/www.aklink.de\"]}]}<\/script>\n<!-- \/ Yoast SEO plugin. -->","yoast_head_json":{"title":"Systhema Heft 2-23 ist erschienen | Andreas Klink","robots":{"index":"noindex","follow":"follow"},"og_locale":"de_DE","og_type":"article","og_title":"Systhema Heft 2-23 ist erschienen | Andreas Klink","og_description":"Die neue Systhema geht in Druck und wird im Juli per Post verschickt. Das Heft hat den Themenschwerpunkt &#8222;Systemisches Arbeiten im Kontext Schule&#8220; &#8211; mit Karla Baudewig als Gast-Redakteurin. Weitere Informationen und Bestellm\u00f6glichkeiten unter: https:\/\/if-weinheim.de\/systhema\/systhema.html. Inhalt und Vorwort dieser Ausgabe finden sich hier. Zust\u00e4ndig f\u00fcr den Abonnentenservice ist weiterhin das Designb\u00fcro Sch\u00f6nfelder in Essen \u2013 per eMail erreichbar unter systhema@design-buero.de.","og_url":"http:\/\/www.aklink.de\/wpak\/archive\/2715\/systhema-heft-2-23-ist-erschienen\/","og_site_name":"Andreas Klink","article_published_time":"2023-06-19T20:59:35+00:00","article_modified_time":"2023-06-19T20:59:37+00:00","og_image":[{"url":"http:\/\/www.aklink.de\/wpak\/wp-content\/uploads\/2023\/06\/systhema2-23.jpg","type":"","width":"","height":""}],"author":"ak","twitter_card":"summary_large_image","twitter_misc":{"Verfasst von":"ak","Gesch\u00e4tzte Lesezeit":"1\u00a0Minute"},"schema":{"@context":"https:\/\/schema.org","@graph":[{"@type":"Article","@id":"http:\/\/www.aklink.de\/wpak\/archive\/2715\/systhema-heft-2-23-ist-erschienen\/#article","isPartOf":{"@id":"http:\/\/www.aklink.de\/wpak\/archive\/2715\/systhema-heft-2-23-ist-erschienen\/"},"author":{"name":"ak","@id":"http:\/\/www.aklink.de\/wpak\/#\/schema\/person\/56e12f2c209b4947bd310bde790c9815"},"headline":"Systhema Heft 2-23 ist erschienen","datePublished":"2023-06-19T20:59:35+00:00","dateModified":"2023-06-19T20:59:37+00:00","mainEntityOfPage":{"@id":"http:\/\/www.aklink.de\/wpak\/archive\/2715\/systhema-heft-2-23-ist-erschienen\/"},"wordCount":84,"publisher":{"@id":"http:\/\/www.aklink.de\/wpak\/#\/schema\/person\/56e12f2c209b4947bd310bde790c9815"},"image":{"@id":"http:\/\/www.aklink.de\/wpak\/archive\/2715\/systhema-heft-2-23-ist-erschienen\/#primaryimage"},"thumbnailUrl":"http:\/\/www.aklink.de\/wpak\/wp-content\/uploads\/2023\/06\/systhema2-23.jpg","inLanguage":"de"},{"@type":"WebPage","@id":"http:\/\/www.aklink.de\/wpak\/archive\/2715\/systhema-heft-2-23-ist-erschienen\/","url":"http:\/\/www.aklink.de\/wpak\/archive\/2715\/systhema-heft-2-23-ist-erschienen\/","name":"Systhema Heft 2-23 ist erschienen | Andreas Klink","isPartOf":{"@id":"http:\/\/www.aklink.de\/wpak\/#website"},"primaryImageOfPage":{"@id":"http:\/\/www.aklink.de\/wpak\/archive\/2715\/systhema-heft-2-23-ist-erschienen\/#primaryimage"},"image":{"@id":"http:\/\/www.aklink.de\/wpak\/archive\/2715\/systhema-heft-2-23-ist-erschienen\/#primaryimage"},"thumbnailUrl":"http:\/\/www.aklink.de\/wpak\/wp-content\/uploads\/2023\/06\/systhema2-23.jpg","datePublished":"2023-06-19T20:59:35+00:00","dateModified":"2023-06-19T20:59:37+00:00","breadcrumb":{"@id":"http:\/\/www.aklink.de\/wpak\/archive\/2715\/systhema-heft-2-23-ist-erschienen\/#breadcrumb"},"inLanguage":"de","potentialAction":[{"@type":"ReadAction","target":["http:\/\/www.aklink.de\/wpak\/archive\/2715\/systhema-heft-2-23-ist-erschienen\/"]}]},{"@type":"ImageObject","inLanguage":"de","@id":"http:\/\/www.aklink.de\/wpak\/archive\/2715\/systhema-heft-2-23-ist-erschienen\/#primaryimage","url":"http:\/\/www.aklink.de\/wpak\/wp-content\/uploads\/2023\/06\/systhema2-23.jpg","contentUrl":"http:\/\/www.aklink.de\/wpak\/wp-content\/uploads\/2023\/06\/systhema2-23.jpg"},{"@type":"BreadcrumbList","@id":"http:\/\/www.aklink.de\/wpak\/archive\/2715\/systhema-heft-2-23-ist-erschienen\/#breadcrumb","itemListElement":[{"@type":"ListItem","position":1,"name":"Startseite","item":"http:\/\/www.aklink.de\/wpak\/"},{"@type":"ListItem","position":2,"name":"Systhema Heft 2-23 ist erschienen"}]},{"@type":"WebSite","@id":"http:\/\/www.aklink.de\/wpak\/#website","url":"http:\/\/www.aklink.de\/wpak\/","name":"Andreas Klink","description":"","publisher":{"@id":"http:\/\/www.aklink.de\/wpak\/#\/schema\/person\/56e12f2c209b4947bd310bde790c9815"},"potentialAction":[{"@type":"SearchAction","target":{"@type":"EntryPoint","urlTemplate":"http:\/\/www.aklink.de\/wpak\/?s={search_term_string}"},"query-input":{"@type":"PropertyValueSpecification","valueRequired":true,"valueName":"search_term_string"}}],"inLanguage":"de"},{"@type":["Person","Organization"],"@id":"http:\/\/www.aklink.de\/wpak\/#\/schema\/person\/56e12f2c209b4947bd310bde790c9815","name":"ak","logo":{"@id":"http:\/\/www.aklink.de\/wpak\/#\/schema\/person\/image\/"},"sameAs":["http:\/\/www.aklink.de"]}]}},"_links":{"self":[{"href":"https:\/\/www.aklink.de\/wpak\/wp-json\/wp\/v2\/posts\/2715","targetHints":{"allow":["GET"]}}],"collection":[{"href":"https:\/\/www.aklink.de\/wpak\/wp-json\/wp\/v2\/posts"}],"about":[{"href":"https:\/\/www.aklink.de\/wpak\/wp-json\/wp\/v2\/types\/post"}],"author":[{"embeddable":true,"href":"https:\/\/www.aklink.de\/wpak\/wp-json\/wp\/v2\/users\/1"}],"replies":[{"embeddable":true,"href":"https:\/\/www.aklink.de\/wpak\/wp-json\/wp\/v2\/comments?post=2715"}],"version-history":[{"count":4,"href":"https:\/\/www.aklink.de\/wpak\/wp-json\/wp\/v2\/posts\/2715\/revisions"}],"predecessor-version":[{"id":2720,"href":"https:\/\/www.aklink.de\/wpak\/wp-json\/wp\/v2\/posts\/2715\/revisions\/2720"}],"wp:attachment":[{"href":"https:\/\/www.aklink.de\/wpak\/wp-json\/wp\/v2\/media?parent=2715"}],"wp:term":[{"taxonomy":"category","embeddable":true,"href":"https:\/\/www.aklink.de\/wpak\/wp-json\/wp\/v2\/categories?post=2715"},{"taxonomy":"post_tag","embeddable":true,"href":"https:\/\/www.aklink.de\/wpak\/wp-json\/wp\/v2\/tags?post=2715"}],"curies":[{"name":"wp","href":"https:\/\/api.w.org\/{rel}","templated":true}]}}